{"id":76,"date":"2015-04-11T20:55:37","date_gmt":"2015-04-11T20:55:37","guid":{"rendered":"http:\/\/localhost\/balcon\/?p=76"},"modified":"2025-03-02T15:10:07","modified_gmt":"2025-03-02T15:10:07","slug":"bedard-gilles","status":"publish","type":"post","link":"https:\/\/balcondart.com\/en\/bedard-gilles\/","title":{"rendered":"B\u00c9DARD, Gilles"},"content":{"rendered":"<h2>Available Works<\/h2>\n<div id=\"collection-component-1636578029316\"><\/div>\n<p><script type=\"text\/javascript\">\n\/*<![CDATA[*\/ (function () { var scriptURL = 'https:\/\/sdks.shopifycdn.com\/buy-button\/latest\/buy-button-storefront.min.js'; if (window.ShopifyBuy) { if (window.ShopifyBuy.UI) { ShopifyBuyInit(); } else { loadScript(); } } else { loadScript(); } function loadScript() { var script = document.createElement('script'); script.async = true; script.src = scriptURL; (document.getElementsByTagName('head')[0] || document.getElementsByTagName('body')[0]).appendChild(script); script.onload = ShopifyBuyInit; } function ShopifyBuyInit() { var client = ShopifyBuy.buildClient({ domain: 'le-balcon-dart.myshopify.com', storefrontAccessToken: 'b16007eb6bfcb8644ac013897e6398b8', }); ShopifyBuy.UI.onReady(client).then(function (ui) { ui.createComponent('collection', { id: '281615663259', node: document.getElementById('collection-component-1636578029316'), moneyFormat: '%24%7B%7Bamount%7D%7D', options: { \"product\": { \"styles\": { \"product\": { \"@media (min-width: 601px)\": { \"max-width\": \"calc(33.33333% - 30px)\", \"margin-left\": \"30px\", \"margin-bottom\": \"50px\", \"width\": \"calc(33.33333% - 30px)\" }, \"img\": { \"height\": \"calc(100% - 15px)\", \"position\": \"absolute\", \"left\": \"0\", \"right\": \"0\", \"top\": \"0\" }, \"imgWrapper\": { \"padding-top\": \"calc(75% + 15px)\", \"position\": \"relative\", \"height\": \"0\" } }, \"button\": { \":hover\": { \"background-color\": \"#000000\" }, \"background-color\": \"#000000\", \":focus\": { \"background-color\": \"#000000\" } }, \"price\": { \"font-family\": \"Quantico, sans-serif\", \"font-weight\": \"bold\", \"color\": \"#ab0f0f\" }, \"compareAt\": { \"font-family\": \"Quantico, sans-serif\", \"font-weight\": \"bold\", \"color\": \"#ab0f0f\" }, \"unitPrice\": { \"font-family\": \"Quantico, sans-serif\", \"font-weight\": \"bold\", \"color\": \"#ab0f0f\" } }, \"text\": { \"button\": \"Acheter \/ Buy\" }, \"googleFonts\": [ \"Quantico\" ] }, \"productSet\": { \"styles\": { \"products\": { \"@media (min-width: 601px)\": { \"margin-left\": \"-30px\" } } } }, \"modalProduct\": { \"contents\": { \"img\": false, \"imgWithCarousel\": true, \"button\": false, \"buttonWithQuantity\": true }, \"styles\": { \"product\": { \"@media (min-width: 601px)\": { \"max-width\": \"100%\", \"margin-left\": \"0px\", \"margin-bottom\": \"0px\" } }, \"button\": { \":hover\": { \"background-color\": \"#000000\" }, \"background-color\": \"#000000\", \":focus\": { \"background-color\": \"#000000\" } }, \"price\": { \"font-family\": \"Helvetica Neue, sans-serif\", \"font-weight\": \"normal\", \"font-size\": \"18px\", \"color\": \"#4c4c4c\" }, \"compareAt\": { \"font-family\": \"Helvetica Neue, sans-serif\", \"font-weight\": \"normal\", \"font-size\": \"15.299999999999999px\", \"color\": \"#4c4c4c\" }, \"unitPrice\": { \"font-family\": \"Helvetica Neue, sans-serif\", \"font-weight\": \"normal\", \"font-size\": \"15.299999999999999px\", \"color\": \"#4c4c4c\" } }, \"text\": { \"button\": \"Add to cart\" } }, \"option\": {}, \"cart\": { \"styles\": { \"button\": { \":hover\": { \"background-color\": \"#000000\" }, \"background-color\": \"#000000\", \":focus\": { \"background-color\": \"#000000\" } } }, \"text\": { \"title\": \"Panier \/ Cart\", \"total\": \"Sous-total \/ Subtotal\", \"empty\": \"Votre panier est vide \/ Your cart is empty.\", \"notice\": \"Les codes d'exp\u00e9dition et de r\u00e9duction sont ajout\u00e9s \u00e0 la caisse. \/ Shipping and discount codes are added at checkout.\", \"button\": \"Passer \u00e0 la caisse \/ Checkout\", \"noteDescription\": \"Instruction sp\u00e9ciales \/ Special Instructions\" }, \"contents\": { \"note\": true } }, \"toggle\": { \"styles\": { \"toggle\": { \"background-color\": \"#000000\", \":hover\": { \"background-color\": \"#000000\" }, \":focus\": { \"background-color\": \"#000000\" } } } } }, }); }); } })(); \/*]]>*\/\n<\/script><\/p>\n<hr \/>\n<h3><\/h3>\n<h3>Biography<\/h3>\n<div class=\"one-fourth\"><\/p>\n<p><a href=\"https:\/\/balcondart.com\/wp-content\/uploads\/2015\/04\/bedardgil.jpg\"><img loading=\"lazy\" decoding=\"async\" class=\"alignleft size-full wp-image-43136\" src=\"https:\/\/balcondart.com\/wp-content\/uploads\/2015\/04\/bedardgil.jpg\" alt=\"\" width=\"450\" height=\"450\" srcset=\"https:\/\/balcondart.com\/wp-content\/uploads\/2015\/04\/bedardgil.jpg 450w, https:\/\/balcondart.com\/wp-content\/uploads\/2015\/04\/bedardgil-300x300.jpg 300w, https:\/\/balcondart.com\/wp-content\/uploads\/2015\/04\/bedardgil-150x150.jpg 150w, https:\/\/balcondart.com\/wp-content\/uploads\/2015\/04\/bedardgil-42x42.jpg 42w, https:\/\/balcondart.com\/wp-content\/uploads\/2015\/04\/bedardgil-45x45.jpg 45w\" sizes=\"auto, (max-width: 450px) 100vw, 450px\" \/><\/a><br \/>\n<\/div>\n<p>Born in Quebec in 1954, Gilles B\u00e9dard demonstrated a certain artistic talent very early on. Loving to create from nature, it is spontaneously that Gilles will stop to sketch the unusual character of a scene that will have struck him. Using different techniques such as acrylic, oil, pastel and charcoal, her first concern nevertheless remains light.<\/p>\n<p>As a young man, Gilles joined the ranks of the Canadian Coast Guard, a job that took him aboard icebreakers to the Arctic. The silence of this desert region marked him deeply as it was enveloping. After four years at sea, the life of an artist proved an irresistible attraction for him.<\/p>\n<p>His works are music, a luminous vibration, a fleeting moment captured on canvas. Often inspired by the landscapes of Charlevoix, his paintings are treated in a very whimsical way. Gilles specializes in summer landscapes, because he knows how to paint foliage and assign them unique colors. His winter scenes, however, are imbued with an exquisite warmth.<\/p>\n<p>\u201cI see my art as a cry from the heart, as the spontaneous release of everything I feel inside of me. I love this freedom that creation brings me and I could not live, as so many others do, in the dreary constraints of everyday life. \u00bb<\/p>\n","protected":false},"excerpt":{"rendered":"<p>Available Works Biography Born in Quebec in 1954, Gilles B\u00e9dard demonstrated a certain artistic talent &#8230;<\/p>\n","protected":false},"author":1,"featured_media":14956,"comment_status":"closed","ping_status":"closed","sticky":false,"template":"","format":"standard","meta":{"footnotes":""},"categories":[2,4,15,14,20],"tags":[],"class_list":["post-76","post","type-post","status-publish","format-standard","has-post-thumbnail","hentry","category-artists","category-gallery-artists","category-landscape","category-themes","category-urban"],"_links":{"self":[{"href":"https:\/\/balcondart.com\/en\/wp-json\/wp\/v2\/posts\/76","targetHints":{"allow":["GET"]}}],"collection":[{"href":"https:\/\/balcondart.com\/en\/wp-json\/wp\/v2\/posts"}],"about":[{"href":"https:\/\/balcondart.com\/en\/wp-json\/wp\/v2\/types\/post"}],"author":[{"embeddable":true,"href":"https:\/\/balcondart.com\/en\/wp-json\/wp\/v2\/users\/1"}],"replies":[{"embeddable":true,"href":"https:\/\/balcondart.com\/en\/wp-json\/wp\/v2\/comments?post=76"}],"version-history":[{"count":35,"href":"https:\/\/balcondart.com\/en\/wp-json\/wp\/v2\/posts\/76\/revisions"}],"predecessor-version":[{"id":43138,"href":"https:\/\/balcondart.com\/en\/wp-json\/wp\/v2\/posts\/76\/revisions\/43138"}],"wp:featuredmedia":[{"embeddable":true,"href":"https:\/\/balcondart.com\/en\/wp-json\/wp\/v2\/media\/14956"}],"wp:attachment":[{"href":"https:\/\/balcondart.com\/en\/wp-json\/wp\/v2\/media?parent=76"}],"wp:term":[{"taxonomy":"category","embeddable":true,"href":"https:\/\/balcondart.com\/en\/wp-json\/wp\/v2\/categories?post=76"},{"taxonomy":"post_tag","embeddable":true,"href":"https:\/\/balcondart.com\/en\/wp-json\/wp\/v2\/tags?post=76"}],"curies":[{"name":"wp","href":"https:\/\/api.w.org\/{rel}","templated":true}]}}