{"id":6585,"date":"2015-05-14T19:22:15","date_gmt":"2015-05-14T19:22:15","guid":{"rendered":"http:\/\/devnuvo.com\/dev\/balcon\/?p=6585"},"modified":"2024-12-11T18:02:02","modified_gmt":"2024-12-11T18:02:02","slug":"little-john","status":"publish","type":"post","link":"https:\/\/balcondart.com\/en\/little-john\/","title":{"rendered":"LITTLE, John"},"content":{"rendered":"<h2>Available Works<\/h2>\n<div id=\"collection-component-1733939830339\"><\/div>\n<p><script type=\"text\/javascript\">\n\/*<![CDATA[*\/ (function () { var scriptURL = 'https:\/\/sdks.shopifycdn.com\/buy-button\/latest\/buy-button-storefront.min.js'; if (window.ShopifyBuy) { if (window.ShopifyBuy.UI) { ShopifyBuyInit(); } else { loadScript(); } } else { loadScript(); } function loadScript() { var script = document.createElement('script'); script.async = true; script.src = scriptURL; (document.getElementsByTagName('head')[0] || document.getElementsByTagName('body')[0]).appendChild(script); script.onload = ShopifyBuyInit; } function ShopifyBuyInit() { var client = ShopifyBuy.buildClient({ domain: 'le-balcon-dart.myshopify.com', storefrontAccessToken: 'b16007eb6bfcb8644ac013897e6398b8', }); ShopifyBuy.UI.onReady(client).then(function (ui) { ui.createComponent('collection', { id: '323895034011', node: document.getElementById('collection-component-1733939830339'), moneyFormat: '%24%7B%7Bamount%7D%7D', options: { \"product\": { \"styles\": { \"product\": { \"@media (min-width: 601px)\": { \"max-width\": \"calc(50% - 40px)\", \"margin-left\": \"40px\", \"margin-bottom\": \"50px\", \"width\": \"calc(50% - 40px)\" } }, \"title\": { \"color\": \"#000000\" }, \"button\": { \":hover\": { \"background-color\": \"#000000\" }, \"background-color\": \"#000000\", \":focus\": { \"background-color\": \"#000000\" } }, \"price\": { \"font-family\": \"Quantico, sans-serif\", \"font-weight\": \"bold\", \"color\": \"#ab0f0f\" }, \"compareAt\": { \"font-family\": \"Quantico, sans-serif\", \"font-weight\": \"bold\", \"color\": \"#ab0f0f\" }, \"unitPrice\": { \"font-family\": \"Quantico, sans-serif\", \"font-weight\": \"bold\", \"color\": \"#ab0f0f\" } }, \"text\": { \"button\": \"Acheter \/ Buy\" }, \"googleFonts\": [ \"Quantico\" ] }, \"productSet\": { \"styles\": { \"products\": { \"@media (min-width: 601px)\": { \"margin-left\": \"-40px\" } } } }, \"modalProduct\": { \"contents\": { \"img\": false, \"imgWithCarousel\": true, \"button\": false, \"buttonWithQuantity\": true }, \"styles\": { \"product\": { \"@media (min-width: 601px)\": { \"max-width\": \"100%\", \"margin-left\": \"0px\", \"margin-bottom\": \"0px\" } }, \"button\": { \":hover\": { \"background-color\": \"#000000\" }, \"background-color\": \"#000000\", \":focus\": { \"background-color\": \"#000000\" } }, \"title\": { \"font-family\": \"Helvetica Neue, sans-serif\", \"font-weight\": \"bold\", \"font-size\": \"26px\", \"color\": \"#4c4c4c\" }, \"price\": { \"font-family\": \"Helvetica Neue, sans-serif\", \"font-weight\": \"normal\", \"font-size\": \"18px\", \"color\": \"#4c4c4c\" }, \"compareAt\": { \"font-family\": \"Helvetica Neue, sans-serif\", \"font-weight\": \"normal\", \"font-size\": \"15.299999999999999px\", \"color\": \"#4c4c4c\" }, \"unitPrice\": { \"font-family\": \"Helvetica Neue, sans-serif\", \"font-weight\": \"normal\", \"font-size\": \"15.299999999999999px\", \"color\": \"#4c4c4c\" } }, \"text\": { \"button\": \"Add to cart\" } }, \"option\": {}, \"cart\": { \"styles\": { \"button\": { \":hover\": { \"background-color\": \"#000000\" }, \"background-color\": \"#000000\", \":focus\": { \"background-color\": \"#000000\" } } }, \"text\": { \"title\": \"Panier \/ Cart\", \"total\": \"Sous-total \/ Subtotal\", \"empty\": \"Votre panier est vide \/ Your cart is empty.\", \"notice\": \"Les codes d'exp\u00e9dition et de r\u00e9duction sont ajout\u00e9s \u00e0 la caisse. \/ Shipping and discount codes are added at checkout.\", \"button\": \"Passer \u00e0 la caisse \/ Checkout\", \"noteDescription\": \"Instruction sp\u00e9ciales \/ Special Instructions\" }, \"contents\": { \"note\": true } }, \"toggle\": { \"styles\": { \"toggle\": { \"background-color\": \"#000000\", \":hover\": { \"background-color\": \"#000000\" }, \":focus\": { \"background-color\": \"#000000\" } } } } }, }); }); } })(); \/*]]>*\/\n<\/script><\/p>\n<hr \/>\n<p>&nbsp;<\/p>\n<h2>About the artist<\/h2>\n<div class=\"one-fourth\"><\/p>\n<p><a href=\"http:\/\/balcondart.com\/wp-content\/uploads\/2015\/05\/little.jpg\"><img loading=\"lazy\" decoding=\"async\" class=\"alignnone size-full wp-image-9820\" src=\"http:\/\/balcondart.com\/wp-content\/uploads\/2015\/05\/little.jpg\" alt=\"little\" width=\"300\" height=\"378\" srcset=\"https:\/\/balcondart.com\/wp-content\/uploads\/2015\/05\/little.jpg 300w, https:\/\/balcondart.com\/wp-content\/uploads\/2015\/05\/little-238x300.jpg 238w\" sizes=\"auto, (max-width: 300px) 100vw, 300px\" \/><\/a><br \/>\n<\/div>\n<p>John Little (born 1928) is a Canadian artist. He primarily paints urban images of his home city of Montreal in oils, in the Fauvist style.<br \/>\nAfter studying at the Montreal Museum of Fine Arts and with the Art Students League of New York (where he met Ray Bailley and helped to illustrate the Bruce Gentry comic strip), Little joined his family&#8217;s architectural practice in 1949, working as a draftsman. After his marriage in 1953 he made painting his primary profession, joining the Royal Canadian Academy in 1961 and becoming a full member in 1973.<br \/>\nLittle&#8217;s work is held in collections at the National Museum of Canada, the Beaverbrook Art Gallery, the Leonard &amp; Bina Ellen Art Gallery at Concordia University, and the Montreal Museum of Contemporary Art. (Wikipedia)<\/p>\n<h3><\/h3>\n","protected":false},"excerpt":{"rendered":"<p>Available Works &nbsp; About the artist John Little (born 1928) is a Canadian artist. He &#8230;<\/p>\n","protected":false},"author":4,"featured_media":6319,"comment_status":"closed","ping_status":"closed","sticky":false,"template":"","format":"standard","meta":{"footnotes":""},"categories":[2,15,3,20],"tags":[],"class_list":["post-6585","post","type-post","status-publish","format-standard","has-post-thumbnail","hentry","category-artists","category-landscape","category-masters","category-urban"],"_links":{"self":[{"href":"https:\/\/balcondart.com\/en\/wp-json\/wp\/v2\/posts\/6585","targetHints":{"allow":["GET"]}}],"collection":[{"href":"https:\/\/balcondart.com\/en\/wp-json\/wp\/v2\/posts"}],"about":[{"href":"https:\/\/balcondart.com\/en\/wp-json\/wp\/v2\/types\/post"}],"author":[{"embeddable":true,"href":"https:\/\/balcondart.com\/en\/wp-json\/wp\/v2\/users\/4"}],"replies":[{"embeddable":true,"href":"https:\/\/balcondart.com\/en\/wp-json\/wp\/v2\/comments?post=6585"}],"version-history":[{"count":12,"href":"https:\/\/balcondart.com\/en\/wp-json\/wp\/v2\/posts\/6585\/revisions"}],"predecessor-version":[{"id":44512,"href":"https:\/\/balcondart.com\/en\/wp-json\/wp\/v2\/posts\/6585\/revisions\/44512"}],"wp:featuredmedia":[{"embeddable":true,"href":"https:\/\/balcondart.com\/en\/wp-json\/wp\/v2\/media\/6319"}],"wp:attachment":[{"href":"https:\/\/balcondart.com\/en\/wp-json\/wp\/v2\/media?parent=6585"}],"wp:term":[{"taxonomy":"category","embeddable":true,"href":"https:\/\/balcondart.com\/en\/wp-json\/wp\/v2\/categories?post=6585"},{"taxonomy":"post_tag","embeddable":true,"href":"https:\/\/balcondart.com\/en\/wp-json\/wp\/v2\/tags?post=6585"}],"curies":[{"name":"wp","href":"https:\/\/api.w.org\/{rel}","templated":true}]}}