{"id":6575,"date":"2015-05-14T19:19:22","date_gmt":"2015-05-14T19:19:22","guid":{"rendered":"http:\/\/devnuvo.com\/dev\/balcon\/?p=6575"},"modified":"2023-02-08T19:55:21","modified_gmt":"2023-02-08T19:55:21","slug":"lesauteur-claude","status":"publish","type":"post","link":"https:\/\/balcondart.com\/en\/lesauteur-claude\/","title":{"rendered":"LESAUTEUR, Claude"},"content":{"rendered":"<h2>Available Works<\/h2>\n<div id=\"collection-component-1662497071674\">&nbsp;<\/div>\n<p><script type=\"text\/javascript\">\n\/*<![CDATA[*\/ (function () { var scriptURL = 'https:\/\/sdks.shopifycdn.com\/buy-button\/latest\/buy-button-storefront.min.js'; if (window.ShopifyBuy) { if (window.ShopifyBuy.UI) { ShopifyBuyInit(); } else { loadScript(); } } else { loadScript(); } function loadScript() { var script = document.createElement('script'); script.async = true; script.src = scriptURL; (document.getElementsByTagName('head')[0] || document.getElementsByTagName('body')[0]).appendChild(script); script.onload = ShopifyBuyInit; } function ShopifyBuyInit() { var client = ShopifyBuy.buildClient({ domain: 'le-balcon-dart.myshopify.com', storefrontAccessToken: 'b16007eb6bfcb8644ac013897e6398b8', }); ShopifyBuy.UI.onReady(client).then(function (ui) { ui.createComponent('collection', { id: '287539331227', node: document.getElementById('collection-component-1662497071674'), moneyFormat: '%24%7B%7Bamount%7D%7D', options: { \"product\": { \"styles\": { \"product\": { \"@media (min-width: 601px)\": { \"max-width\": \"calc(33.33333% - 30px)\", \"margin-left\": \"30px\", \"margin-bottom\": \"50px\", \"width\": \"calc(33.33333% - 30px)\" } }, \"title\": { \"color\": \"#000000\" }, \"button\": { \":hover\": { \"background-color\": \"#000000\" }, \"background-color\": \"#000000\", \":focus\": { \"background-color\": \"#000000\" } }, \"price\": { \"font-family\": \"Quantico, sans-serif\", \"font-weight\": \"bold\", \"color\": \"#ab0f0f\" }, \"compareAt\": { \"font-family\": \"Quantico, sans-serif\", \"font-weight\": \"bold\", \"color\": \"#ab0f0f\" }, \"unitPrice\": { \"font-family\": \"Quantico, sans-serif\", \"font-weight\": \"bold\", \"color\": \"#ab0f0f\" } }, \"text\": { \"button\": \"Acheter \/ Buy\" }, \"googleFonts\": [ \"Quantico\" ] }, \"productSet\": { \"styles\": { \"products\": { \"@media (min-width: 601px)\": { \"margin-left\": \"-30px\" } } } }, \"modalProduct\": { \"contents\": { \"img\": false, \"imgWithCarousel\": true, \"button\": false, \"buttonWithQuantity\": true }, \"styles\": { \"product\": { \"@media (min-width: 601px)\": { \"max-width\": \"100%\", \"margin-left\": \"0px\", \"margin-bottom\": \"0px\" } }, \"button\": { \":hover\": { \"background-color\": \"#000000\" }, \"background-color\": \"#000000\", \":focus\": { \"background-color\": \"#000000\" } }, \"title\": { \"font-family\": \"Helvetica Neue, sans-serif\", \"font-weight\": \"bold\", \"font-size\": \"26px\", \"color\": \"#4c4c4c\" }, \"price\": { \"font-family\": \"Helvetica Neue, sans-serif\", \"font-weight\": \"normal\", \"font-size\": \"18px\", \"color\": \"#4c4c4c\" }, \"compareAt\": { \"font-family\": \"Helvetica Neue, sans-serif\", \"font-weight\": \"normal\", \"font-size\": \"15.299999999999999px\", \"color\": \"#4c4c4c\" }, \"unitPrice\": { \"font-family\": \"Helvetica Neue, sans-serif\", \"font-weight\": \"normal\", \"font-size\": \"15.299999999999999px\", \"color\": \"#4c4c4c\" } }, \"text\": { \"button\": \"Add to cart\" } }, \"option\": {}, \"cart\": { \"styles\": { \"button\": { \":hover\": { \"background-color\": \"#000000\" }, \"background-color\": \"#000000\", \":focus\": { \"background-color\": \"#000000\" } } }, \"text\": { \"title\": \"Panier \/ Cart\", \"total\": \"Sous-total \/ Subtotal\", \"empty\": \"Votre panier est vide \/ Your cart is empty.\", \"notice\": \"Les codes d'exp\u00e9dition et de r\u00e9duction sont ajout\u00e9s \u00e0 la caisse. \/ Shipping and discount codes are added at checkout.\", \"button\": \"Passer \u00e0 la caisse \/ Checkout\", \"noteDescription\": \"Instruction sp\u00e9ciales \/ Special Instructions\" }, \"contents\": { \"note\": true } }, \"toggle\": { \"styles\": { \"toggle\": { \"background-color\": \"#000000\", \":hover\": { \"background-color\": \"#000000\" }, \":focus\": { \"background-color\": \"#000000\" } } } } }, }); }); } })(); \/*]]>*\/\n<\/script><\/p>\n<hr>\n<h2>&nbsp;<\/h2>\n<h3>&nbsp;<\/h3>\n<h3>Available Books<\/h3>\n<p><a href=\"http:\/\/balcondart.com\/wp-content\/uploads\/2015\/05\/lesauteur.jpg\"><img loading=\"lazy\" decoding=\"async\" class=\"alignnone size-full wp-image-7484\" src=\"http:\/\/balcondart.com\/wp-content\/uploads\/2015\/05\/lesauteur.jpg\" alt=\"lesauteur\" width=\"1090\" height=\"300\" srcset=\"https:\/\/balcondart.com\/wp-content\/uploads\/2015\/05\/lesauteur.jpg 1090w, https:\/\/balcondart.com\/wp-content\/uploads\/2015\/05\/lesauteur-300x83.jpg 300w, https:\/\/balcondart.com\/wp-content\/uploads\/2015\/05\/lesauteur-1024x282.jpg 1024w, https:\/\/balcondart.com\/wp-content\/uploads\/2015\/05\/lesauteur-640x176.jpg 640w, https:\/\/balcondart.com\/wp-content\/uploads\/2015\/05\/lesauteur-750x206.jpg 750w\" sizes=\"auto, (max-width: 1090px) 100vw, 1090px\" \/><\/a><\/p>\n<hr>\n<h3>About the artist<\/h3>\n<p><a href=\"https:\/\/balcondart.com\/wp-content\/uploads\/2015\/05\/lesauteur-1.jpg\"><img loading=\"lazy\" decoding=\"async\" class=\"alignleft size-full wp-image-42178\" src=\"https:\/\/balcondart.com\/wp-content\/uploads\/2015\/05\/lesauteur-1.jpg\" alt=\"\" width=\"299\" height=\"400\" srcset=\"https:\/\/balcondart.com\/wp-content\/uploads\/2015\/05\/lesauteur-1.jpg 299w, https:\/\/balcondart.com\/wp-content\/uploads\/2015\/05\/lesauteur-1-224x300.jpg 224w\" sizes=\"auto, (max-width: 299px) 100vw, 299px\" \/><\/a><\/p>\n<section class=\"elementor-element elementor-element-32dddb3c elementor-section-boxed elementor-section-height-default elementor-section-height-default elementor-section elementor-inner-section\" data-id=\"32dddb3c\" data-element_type=\"section\">\n<div class=\"elementor-container elementor-column-gap-default\">\n<div class=\"elementor-row\">\n<div class=\"elementor-element elementor-element-6826e7c1 elementor-column elementor-col-50 elementor-inner-column\" data-id=\"6826e7c1\" data-element_type=\"column\">\n<div class=\"elementor-column-wrap elementor-element-populated\">\n<div class=\"elementor-widget-wrap\">\n<div class=\"elementor-element elementor-element-47128920 elementor-widget elementor-widget-text-editor\" data-id=\"47128920\" data-element_type=\"widget\" data-widget_type=\"text-editor.default\">\n<div class=\"elementor-widget-container\">\n<div class=\"elementor-text-editor elementor-clearfix\">Claude Le Sauteur was born on October 7, 1926 at Pentecost River, Quebec. He studied in Quebec City at the School of Fine Arts under the direction of Jean-Paul Lemieux and Jean Dallaire. From 1950 to 1980, he worked in the field of advertising that influenced his style, eventually associated with the Just for Laughs festival, in the 80s. In 1986, he settled in the region of Charlevoix.<\/div>\n<\/div>\n<\/div>\n<\/div>\n<\/div>\n<\/div>\n<\/div>\n<\/div>\n<\/section>\n<section class=\"elementor-element elementor-element-7425556d elementor-section-boxed elementor-section-height-default elementor-section-height-default elementor-section elementor-inner-section\" data-id=\"7425556d\" data-element_type=\"section\">\n<div class=\"elementor-container elementor-column-gap-default\">\n<div class=\"elementor-row\">\n<div class=\"elementor-element elementor-element-72f905 elementor-column elementor-col-100 elementor-inner-column\" data-id=\"72f905\" data-element_type=\"column\">\n<div class=\"elementor-column-wrap elementor-element-populated\">\n<div class=\"elementor-widget-wrap\">\n<div class=\"elementor-element elementor-element-7e25fa9 elementor-widget elementor-widget-text-editor\" data-id=\"7e25fa9\" data-element_type=\"widget\" data-widget_type=\"text-editor.default\">\n<div class=\"elementor-widget-container\">\n<div class=\"elementor-text-editor elementor-clearfix\">\n<p>Claude Le Sauteur was born on October 7th, 1926, in Rivi\u00e8re-Pentec\u00f4te, of Quebec\u2019s C\u00f4te Nord region. His father, Wallace Edward Le Sauteur, worked as an accountant for Canadian International Paper, and so, his many responsibilities led the family to move to Clermont, Beaupr\u00e9, La Tuque and finally Trois-Rivi\u00e8res, where the young artist began school and spent his adolescent years.<\/p>\n<p>Young Le Sauteur\u2019s love for drawing eventually led him to study fine arts, a choice that gained little approval from his father, and so he was forced him to pay for his studies with a job in the forestry industry. From 1945 to 1950, Le Sauteur studied at the \u00c9cole des Beaux-Arts de Qu\u00e9bec [Fine Arts Institut] under the likes of Jean Paul Lemieux and Jean-Philippe Dallaire. Earning a living as a painter proved to be difficult, but nonetheless, in 1959, Le Sauteur married Ghislaine Laflamme\u2013the woman with whom he would share his life until his passing on November 29th, 2007.<\/p>\n<p>From 1950 to 1980, Claude Le Sauteur worked in advertising, as a freelancer with a number of magazines (Maclean\u2019s, Ch\u00e2telaine, Perspectives, etc.), as well as in the printing industry (specifically in design). In 1966, he joined Cabana-S\u00e9guin, a major Montreal advertising agency, and climbed through the ranks, eventually becoming vice-president. Not only did the position make it possible for him to earn a living as a creative artist, it also allowed him to lay the foundations of the Le Sauteur style, which streamlined advertising and make it more evocative. Le Sauteur teamed up with the Just For Laughs festival in the 1980s, creating a series of drawings devoted to humour and laughter, a testament to his wider vision of the arts, as well as his renowned skill as a graphic artist and illustrator.<\/p>\n<p>Claude Le Sauteur continued to paint throughout his professional career. In 1976, an exhibition of his work was held at the Galerie Georges Dor in Longueil and all the pieces shown were sold within thirty minutes. But it wasn\u2019t until his retirement in 1980, that Le Sauteur began painting full-time. Starting in 1978, he divided his time between homes in Boucherville and in Les \u00c9boulements (Charlevoix), where he settled permanently in 1986. Taking root in Charlevoix was an important step in his growth as an artist, one that would have a profound impact on the forms and themes found in his work.<\/p>\n<\/div>\n<\/div>\n<\/div>\n<\/div>\n<\/div>\n<\/div>\n<\/div>\n<\/div>\n<\/section>\n","protected":false},"excerpt":{"rendered":"<p>Available Works &nbsp; &nbsp; &nbsp; Available Books About the artist Claude Le Sauteur was born &#8230;<\/p>\n","protected":false},"author":4,"featured_media":42180,"comment_status":"closed","ping_status":"closed","sticky":false,"template":"","format":"standard","meta":{"footnotes":""},"categories":[1],"tags":[],"class_list":["post-6575","post","type-post","status-publish","format-standard","has-post-thumbnail","hentry","category-uncategorized"],"_links":{"self":[{"href":"https:\/\/balcondart.com\/en\/wp-json\/wp\/v2\/posts\/6575","targetHints":{"allow":["GET"]}}],"collection":[{"href":"https:\/\/balcondart.com\/en\/wp-json\/wp\/v2\/posts"}],"about":[{"href":"https:\/\/balcondart.com\/en\/wp-json\/wp\/v2\/types\/post"}],"author":[{"embeddable":true,"href":"https:\/\/balcondart.com\/en\/wp-json\/wp\/v2\/users\/4"}],"replies":[{"embeddable":true,"href":"https:\/\/balcondart.com\/en\/wp-json\/wp\/v2\/comments?post=6575"}],"version-history":[{"count":9,"href":"https:\/\/balcondart.com\/en\/wp-json\/wp\/v2\/posts\/6575\/revisions"}],"predecessor-version":[{"id":42764,"href":"https:\/\/balcondart.com\/en\/wp-json\/wp\/v2\/posts\/6575\/revisions\/42764"}],"wp:featuredmedia":[{"embeddable":true,"href":"https:\/\/balcondart.com\/en\/wp-json\/wp\/v2\/media\/42180"}],"wp:attachment":[{"href":"https:\/\/balcondart.com\/en\/wp-json\/wp\/v2\/media?parent=6575"}],"wp:term":[{"taxonomy":"category","embeddable":true,"href":"https:\/\/balcondart.com\/en\/wp-json\/wp\/v2\/categories?post=6575"},{"taxonomy":"post_tag","embeddable":true,"href":"https:\/\/balcondart.com\/en\/wp-json\/wp\/v2\/tags?post=6575"}],"curies":[{"name":"wp","href":"https:\/\/api.w.org\/{rel}","templated":true}]}}