{"id":6562,"date":"2015-05-14T19:05:32","date_gmt":"2015-05-14T19:05:32","guid":{"rendered":"http:\/\/devnuvo.com\/dev\/balcon\/?p=6562"},"modified":"2025-03-02T15:16:43","modified_gmt":"2025-03-02T15:16:43","slug":"lemieux-yvon","status":"publish","type":"post","link":"https:\/\/balcondart.com\/en\/lemieux-yvon\/","title":{"rendered":"LEMIEUX, Yvon"},"content":{"rendered":"<h2>Available Works<\/h2>\n<div id=\"collection-component-1693933986064\"><\/div>\n<p><script type=\"text\/javascript\">\n\/*<![CDATA[*\/ (function () { var scriptURL = 'https:\/\/sdks.shopifycdn.com\/buy-button\/latest\/buy-button-storefront.min.js'; if (window.ShopifyBuy) { if (window.ShopifyBuy.UI) { ShopifyBuyInit(); } else { loadScript(); } } else { loadScript(); } function loadScript() { var script = document.createElement('script'); script.async = true; script.src = scriptURL; (document.getElementsByTagName('head')[0] || document.getElementsByTagName('body')[0]).appendChild(script); script.onload = ShopifyBuyInit; } function ShopifyBuyInit() { var client = ShopifyBuy.buildClient({ domain: 'le-balcon-dart.myshopify.com', storefrontAccessToken: 'b16007eb6bfcb8644ac013897e6398b8', }); ShopifyBuy.UI.onReady(client).then(function (ui) { ui.createComponent('collection', { id: '292582424731', node: document.getElementById('collection-component-1693933986064'), moneyFormat: '%24%7B%7Bamount%7D%7D', options: { \"product\": { \"styles\": { \"product\": { \"@media (min-width: 601px)\": { \"max-width\": \"calc(33.33333% - 30px)\", \"margin-left\": \"30px\", \"margin-bottom\": \"50px\", \"width\": \"calc(33.33333% - 30px)\" } }, \"title\": { \"color\": \"#000000\" }, \"button\": { \":hover\": { \"background-color\": \"#000000\" }, \"background-color\": \"#000000\", \":focus\": { \"background-color\": \"#000000\" } }, \"price\": { \"font-family\": \"Quantico, sans-serif\", \"font-weight\": \"bold\", \"color\": \"#ab0f0f\" }, \"compareAt\": { \"font-family\": \"Quantico, sans-serif\", \"font-weight\": \"bold\", \"color\": \"#ab0f0f\" }, \"unitPrice\": { \"font-family\": \"Quantico, sans-serif\", \"font-weight\": \"bold\", \"color\": \"#ab0f0f\" } }, \"text\": { \"button\": \"Acheter \/ Buy\" }, \"googleFonts\": [ \"Quantico\" ] }, \"productSet\": { \"styles\": { \"products\": { \"@media (min-width: 601px)\": { \"margin-left\": \"-30px\" } } } }, \"modalProduct\": { \"contents\": { \"img\": false, \"imgWithCarousel\": true, \"button\": false, \"buttonWithQuantity\": true }, \"styles\": { \"product\": { \"@media (min-width: 601px)\": { \"max-width\": \"100%\", \"margin-left\": \"0px\", \"margin-bottom\": \"0px\" } }, \"button\": { \":hover\": { \"background-color\": \"#000000\" }, \"background-color\": \"#000000\", \":focus\": { \"background-color\": \"#000000\" } }, \"title\": { \"font-family\": \"Helvetica Neue, sans-serif\", \"font-weight\": \"bold\", \"font-size\": \"26px\", \"color\": \"#4c4c4c\" }, \"price\": { \"font-family\": \"Helvetica Neue, sans-serif\", \"font-weight\": \"normal\", \"font-size\": \"18px\", \"color\": \"#4c4c4c\" }, \"compareAt\": { \"font-family\": \"Helvetica Neue, sans-serif\", \"font-weight\": \"normal\", \"font-size\": \"15.299999999999999px\", \"color\": \"#4c4c4c\" }, \"unitPrice\": { \"font-family\": \"Helvetica Neue, sans-serif\", \"font-weight\": \"normal\", \"font-size\": \"15.299999999999999px\", \"color\": \"#4c4c4c\" } }, \"text\": { \"button\": \"Add to cart\" } }, \"option\": {}, \"cart\": { \"styles\": { \"button\": { \":hover\": { \"background-color\": \"#000000\" }, \"background-color\": \"#000000\", \":focus\": { \"background-color\": \"#000000\" } } }, \"text\": { \"title\": \"Panier \/ Cart\", \"total\": \"Sous-total \/ Subtotal\", \"empty\": \"Votre panier est vide \/ Your cart is empty.\", \"notice\": \"Les codes d'exp\u00e9dition et de r\u00e9duction sont ajout\u00e9s \u00e0 la caisse. \/ Shipping and discount codes are added at checkout.\", \"button\": \"Passer \u00e0 la caisse \/ Checkout\", \"noteDescription\": \"Instruction sp\u00e9ciales \/ Special Instructions\" }, \"contents\": { \"note\": true } }, \"toggle\": { \"styles\": { \"toggle\": { \"background-color\": \"#000000\", \":hover\": { \"background-color\": \"#000000\" }, \":focus\": { \"background-color\": \"#000000\" } } } } }, }); }); } })(); \/*]]>*\/\n<\/script><\/p>\n<hr \/>\n<h3>About the artist<\/h3>\n<div class=\"one-fourth\"><\/p>\n<p><a href=\"https:\/\/balcondart.com\/wp-content\/uploads\/2015\/05\/lemieuxyvon00.jpg\"><img loading=\"lazy\" decoding=\"async\" class=\"alignleft size-full wp-image-43161\" src=\"https:\/\/balcondart.com\/wp-content\/uploads\/2015\/05\/lemieuxyvon00.jpg\" alt=\"\" width=\"450\" height=\"450\" srcset=\"https:\/\/balcondart.com\/wp-content\/uploads\/2015\/05\/lemieuxyvon00.jpg 450w, https:\/\/balcondart.com\/wp-content\/uploads\/2015\/05\/lemieuxyvon00-300x300.jpg 300w, https:\/\/balcondart.com\/wp-content\/uploads\/2015\/05\/lemieuxyvon00-150x150.jpg 150w, https:\/\/balcondart.com\/wp-content\/uploads\/2015\/05\/lemieuxyvon00-42x42.jpg 42w, https:\/\/balcondart.com\/wp-content\/uploads\/2015\/05\/lemieuxyvon00-45x45.jpg 45w\" sizes=\"auto, (max-width: 450px) 100vw, 450px\" \/><\/a><br \/>\n<\/div>\n<p>Originally from Quebec City, Yvon Lemieux was born in 1949. Self-taught, he has been painting since his late teens, for more than 50 years. Nicknamed &#8220;the painter with the hat&#8221;, Lemieux travels the streets of Old Quebec and the banks of the Saint-Laurent with his easel to capture the most beautiful landscapes of Charlevoix, \u00cele d&#8217;Orl\u00e9ans and C\u00f4te-de-Beaupr\u00e9. .<\/p>\n<p>In 2005, he created a superb mural in the heart of St-Ad\u00e8le representing the origin of the city. In 2006, he was invited by the CIBC Wood Gundy to the Mus\u00e9e national des beaux-arts du Qu\u00e9bec for a demonstration as part of a tribute to the painter Clarence A. Gagnon. In 2012, he received the Excellence Award from the City of Beauport for all of his work. In 2010, T\u00e9l\u00e9 sans fronti\u00e8res produced a documentary about his childhood and his career, which was presented at the Cannes Film Festival.<\/p>\n<p>During his long career, Yvon Lemieux participated in numerous symposiums and painting exhibitions.<\/p>\n<p>&nbsp;<\/p>\n<p>&nbsp;<\/p>\n<p><a href=\"https:\/\/www.multi-art.net\/multiartmedia\/index.htm#lemieux\"><img loading=\"lazy\" decoding=\"async\" class=\"alignleft size-full wp-image-41877\" src=\"https:\/\/balcondart.com\/wp-content\/uploads\/2015\/05\/mam.jpg\" alt=\"\" width=\"650\" height=\"150\" srcset=\"https:\/\/balcondart.com\/wp-content\/uploads\/2015\/05\/mam.jpg 650w, https:\/\/balcondart.com\/wp-content\/uploads\/2015\/05\/mam-300x69.jpg 300w, https:\/\/balcondart.com\/wp-content\/uploads\/2015\/05\/mam-640x148.jpg 640w\" sizes=\"auto, (max-width: 650px) 100vw, 650px\" \/><\/a><\/p>\n<iframe loading=\"lazy\" width=\"50%\" height=\"400\" src=\"http:\/\/player.vimeo.com\/video\/197827256\" class=\"video iframe-vimeo\"><\/iframe>\n","protected":false},"excerpt":{"rendered":"<p>Available Works About the artist Originally from Quebec City, Yvon Lemieux was born in 1949. &#8230;<\/p>\n","protected":false},"author":4,"featured_media":30550,"comment_status":"closed","ping_status":"closed","sticky":false,"template":"","format":"standard","meta":{"footnotes":""},"categories":[2,4,15,16],"tags":[],"class_list":["post-6562","post","type-post","status-publish","format-standard","has-post-thumbnail","hentry","category-artists","category-gallery-artists","category-landscape","category-people"],"_links":{"self":[{"href":"https:\/\/balcondart.com\/en\/wp-json\/wp\/v2\/posts\/6562","targetHints":{"allow":["GET"]}}],"collection":[{"href":"https:\/\/balcondart.com\/en\/wp-json\/wp\/v2\/posts"}],"about":[{"href":"https:\/\/balcondart.com\/en\/wp-json\/wp\/v2\/types\/post"}],"author":[{"embeddable":true,"href":"https:\/\/balcondart.com\/en\/wp-json\/wp\/v2\/users\/4"}],"replies":[{"embeddable":true,"href":"https:\/\/balcondart.com\/en\/wp-json\/wp\/v2\/comments?post=6562"}],"version-history":[{"count":20,"href":"https:\/\/balcondart.com\/en\/wp-json\/wp\/v2\/posts\/6562\/revisions"}],"predecessor-version":[{"id":44256,"href":"https:\/\/balcondart.com\/en\/wp-json\/wp\/v2\/posts\/6562\/revisions\/44256"}],"wp:featuredmedia":[{"embeddable":true,"href":"https:\/\/balcondart.com\/en\/wp-json\/wp\/v2\/media\/30550"}],"wp:attachment":[{"href":"https:\/\/balcondart.com\/en\/wp-json\/wp\/v2\/media?parent=6562"}],"wp:term":[{"taxonomy":"category","embeddable":true,"href":"https:\/\/balcondart.com\/en\/wp-json\/wp\/v2\/categories?post=6562"},{"taxonomy":"post_tag","embeddable":true,"href":"https:\/\/balcondart.com\/en\/wp-json\/wp\/v2\/tags?post=6562"}],"curies":[{"name":"wp","href":"https:\/\/api.w.org\/{rel}","templated":true}]}}