{"id":6212,"date":"2015-05-14T15:05:56","date_gmt":"2015-05-14T15:05:56","guid":{"rendered":"http:\/\/devnuvo.com\/dev\/balcon\/?p=6212"},"modified":"2023-09-27T17:50:06","modified_gmt":"2023-09-27T17:50:06","slug":"iacurto-francesco","status":"publish","type":"post","link":"https:\/\/balcondart.com\/en\/iacurto-francesco\/","title":{"rendered":"IACURTO, Francesco"},"content":{"rendered":"<h2>Available Works<\/h2>\n<div id=\"collection-component-1615994360403\"><\/div>\n<p><script type=\"text\/javascript\">\n\/*<![CDATA[*\/ (function () { var scriptURL = 'https:\/\/sdks.shopifycdn.com\/buy-button\/latest\/buy-button-storefront.min.js'; if (window.ShopifyBuy) { if (window.ShopifyBuy.UI) { ShopifyBuyInit(); } else { loadScript(); } } else { loadScript(); } function loadScript() { var script = document.createElement('script'); script.async = true; script.src = scriptURL; (document.getElementsByTagName('head')[0] || document.getElementsByTagName('body')[0]).appendChild(script); script.onload = ShopifyBuyInit; } function ShopifyBuyInit() { var client = ShopifyBuy.buildClient({ domain: 'le-balcon-dart.myshopify.com', storefrontAccessToken: 'b16007eb6bfcb8644ac013897e6398b8', }); ShopifyBuy.UI.onReady(client).then(function (ui) { ui.createComponent('collection', { id: '261591072923', node: document.getElementById('collection-component-1615994360403'), moneyFormat: '%24%7B%7Bamount%7D%7D', options: { \"product\": { \"styles\": { \"product\": { \"@media (min-width: 601px)\": { \"max-width\": \"calc(33.33333% - 30px)\", \"margin-left\": \"30px\", \"margin-bottom\": \"50px\", \"width\": \"calc(33.33333% - 30px)\" } }, \"button\": { \":hover\": { \"background-color\": \"#000000\" }, \"background-color\": \"#000000\", \":focus\": { \"background-color\": \"#000000\" } }, \"price\": { \"font-family\": \"Quantico, sans-serif\", \"font-weight\": \"bold\", \"color\": \"#ab0f0f\" }, \"compareAt\": { \"font-family\": \"Quantico, sans-serif\", \"font-weight\": \"bold\", \"color\": \"#ab0f0f\" }, \"unitPrice\": { \"font-family\": \"Quantico, sans-serif\", \"font-weight\": \"bold\", \"color\": \"#ab0f0f\" } }, \"text\": { \"button\": \"Acheter \/ Buy\" }, \"googleFonts\": [ \"Quantico\" ] }, \"productSet\": { \"styles\": { \"products\": { \"@media (min-width: 601px)\": { \"margin-left\": \"-30px\" } } } }, \"modalProduct\": { \"contents\": { \"img\": false, \"imgWithCarousel\": true, \"button\": false, \"buttonWithQuantity\": true }, \"styles\": { \"product\": { \"@media (min-width: 601px)\": { \"max-width\": \"100%\", \"margin-left\": \"0px\", \"margin-bottom\": \"0px\" } }, \"button\": { \":hover\": { \"background-color\": \"#000000\" }, \"background-color\": \"#000000\", \":focus\": { \"background-color\": \"#000000\" } }, \"price\": { \"font-family\": \"Helvetica Neue, sans-serif\", \"font-weight\": \"normal\", \"font-size\": \"18px\", \"color\": \"#4c4c4c\" }, \"compareAt\": { \"font-family\": \"Helvetica Neue, sans-serif\", \"font-weight\": \"normal\", \"font-size\": \"15.299999999999999px\", \"color\": \"#4c4c4c\" }, \"unitPrice\": { \"font-family\": \"Helvetica Neue, sans-serif\", \"font-weight\": \"normal\", \"font-size\": \"15.299999999999999px\", \"color\": \"#4c4c4c\" } }, \"text\": { \"button\": \"Add to cart\" } }, \"option\": {}, \"cart\": { \"styles\": { \"button\": { \":hover\": { \"background-color\": \"#000000\" }, \"background-color\": \"#000000\", \":focus\": { \"background-color\": \"#000000\" } } }, \"text\": { \"title\": \"Panier \/ Cart\", \"total\": \"Sous-total \/ Subtotal\", \"empty\": \"Votre panier est vide \/ Your cart is empty.\", \"notice\": \"Les codes d'exp\u00e9dition et de r\u00e9duction sont ajout\u00e9s \u00e0 la caisse. \/ Shipping and discount codes are added at checkout.\", \"button\": \"Passer \u00e0 la caisse \/ Checkout\", \"noteDescription\": \"Instruction sp\u00e9ciales \/ Special Instructions\" }, \"contents\": { \"note\": true } }, \"toggle\": { \"styles\": { \"toggle\": { \"background-color\": \"#000000\", \":hover\": { \"background-color\": \"#000000\" }, \":focus\": { \"background-color\": \"#000000\" } } } } }, }); }); } })(); \/*]]>*\/\n<\/script><\/p>\n<hr \/>\n<p>&nbsp;<\/p>\n<h3>About the artist<\/h3>\n<div class=\"one-fourth\"><\/p>\n<p><a href=\"https:\/\/balcondart.com\/wp-content\/uploads\/2015\/05\/iacurto2.jpg\"><img loading=\"lazy\" decoding=\"async\" class=\"alignleft size-full wp-image-43468\" src=\"https:\/\/balcondart.com\/wp-content\/uploads\/2015\/05\/iacurto2.jpg\" alt=\"\" width=\"450\" height=\"450\" srcset=\"https:\/\/balcondart.com\/wp-content\/uploads\/2015\/05\/iacurto2.jpg 450w, https:\/\/balcondart.com\/wp-content\/uploads\/2015\/05\/iacurto2-300x300.jpg 300w, https:\/\/balcondart.com\/wp-content\/uploads\/2015\/05\/iacurto2-150x150.jpg 150w, https:\/\/balcondart.com\/wp-content\/uploads\/2015\/05\/iacurto2-42x42.jpg 42w, https:\/\/balcondart.com\/wp-content\/uploads\/2015\/05\/iacurto2-45x45.jpg 45w\" sizes=\"auto, (max-width: 450px) 100vw, 450px\" \/><\/a><br \/>\n<\/div>\n<p>Francesco Iacurto was born on September 1st in 1908, Montr\u00e9al. From 1922 to 1929, he studied at Monument national des arts et m\u00e9tier, then \u00c9cole des beaux-arts in Montr\u00e9al (magna cum laude diploma). 1928 : Acad\u00e9mie Colarossi and Acad\u00e9mie Grande-Chaumi\u00e8re, Paris.<\/p>\n<p>In 1929, he began painting, and teaching art for the next 28 years. He taught at the \u00c9cole des arts et m\u00e9tier at the Montr\u00e9al School Board and Ville Sainte-Foy. He has exhibited portraits and landscapes at the Royal Canadian Academy of Arts, Montr\u00e9al Museum of Fine Arts and importants galleries in Qu\u00e9bec , Canada and abroad. He has painted in France , England and Italy notably in the Vatican gardens. Retrospective of his work: Universit\u00e9 Laval (1988) and Villa Bagatelle, Sillery (1991). He participated in Toronto and Montr\u00e9al at the 1st exhibition of the Qu\u00e9bec members of the Royal Canadian Academy of Arts (1991), of which he is a member since 1946.<\/p>\n<p>He received\u2026 Honourable mention, Lord Wellington contest in Ottawa (1927); grants from the Qu\u00e9bec government (1928, 1929); silver medal, French Consul General (1928); 1990: became Knight of the Merit Order of the Italian Republic . 1991: Chevalier, Ordre National du Qu\u00e9bec. 1992: Order of Canada .<\/p>\n<p>Francesco Iacurto&#8217;s work can be found in private and public collections around the world, the Mus\u00e9e National Des Beaux Arts, the National Gallery of Canada, The senate in Ottawa, Qu\u00e9bec parliament, City of Qu\u00e9bec, etc.<\/p>\n<p>He died in Sainte-Foy at the age of 93 years old in 2001.<\/p>\n","protected":false},"excerpt":{"rendered":"<p>Available Works &nbsp; About the artist Francesco Iacurto was born on September 1st in 1908, &#8230;<\/p>\n","protected":false},"author":4,"featured_media":4098,"comment_status":"closed","ping_status":"closed","sticky":false,"template":"","format":"standard","meta":{"footnotes":""},"categories":[2,15,3,20],"tags":[],"class_list":["post-6212","post","type-post","status-publish","format-standard","has-post-thumbnail","hentry","category-artists","category-landscape","category-masters","category-urban"],"_links":{"self":[{"href":"https:\/\/balcondart.com\/en\/wp-json\/wp\/v2\/posts\/6212","targetHints":{"allow":["GET"]}}],"collection":[{"href":"https:\/\/balcondart.com\/en\/wp-json\/wp\/v2\/posts"}],"about":[{"href":"https:\/\/balcondart.com\/en\/wp-json\/wp\/v2\/types\/post"}],"author":[{"embeddable":true,"href":"https:\/\/balcondart.com\/en\/wp-json\/wp\/v2\/users\/4"}],"replies":[{"embeddable":true,"href":"https:\/\/balcondart.com\/en\/wp-json\/wp\/v2\/comments?post=6212"}],"version-history":[{"count":6,"href":"https:\/\/balcondart.com\/en\/wp-json\/wp\/v2\/posts\/6212\/revisions"}],"predecessor-version":[{"id":43470,"href":"https:\/\/balcondart.com\/en\/wp-json\/wp\/v2\/posts\/6212\/revisions\/43470"}],"wp:featuredmedia":[{"embeddable":true,"href":"https:\/\/balcondart.com\/en\/wp-json\/wp\/v2\/media\/4098"}],"wp:attachment":[{"href":"https:\/\/balcondart.com\/en\/wp-json\/wp\/v2\/media?parent=6212"}],"wp:term":[{"taxonomy":"category","embeddable":true,"href":"https:\/\/balcondart.com\/en\/wp-json\/wp\/v2\/categories?post=6212"},{"taxonomy":"post_tag","embeddable":true,"href":"https:\/\/balcondart.com\/en\/wp-json\/wp\/v2\/tags?post=6212"}],"curies":[{"name":"wp","href":"https:\/\/api.w.org\/{rel}","templated":true}]}}