{"id":5429,"date":"2015-05-13T14:54:50","date_gmt":"2015-05-13T14:54:50","guid":{"rendered":"http:\/\/devnuvo.com\/dev\/balcon\/?p=5429"},"modified":"2025-03-02T15:13:25","modified_gmt":"2025-03-02T15:13:25","slug":"galipeau-marc","status":"publish","type":"post","link":"https:\/\/balcondart.com\/en\/galipeau-marc\/","title":{"rendered":"GALIPEAU, Marc"},"content":{"rendered":"<h2>Available Works<\/h2>\n<div id=\"collection-component-1654606584792\"><\/div>\n<p><script type=\"text\/javascript\">\n\/*<![CDATA[*\/ (function () { var scriptURL = 'https:\/\/sdks.shopifycdn.com\/buy-button\/latest\/buy-button-storefront.min.js'; if (window.ShopifyBuy) { if (window.ShopifyBuy.UI) { ShopifyBuyInit(); } else { loadScript(); } } else { loadScript(); } function loadScript() { var script = document.createElement('script'); script.async = true; script.src = scriptURL; (document.getElementsByTagName('head')[0] || document.getElementsByTagName('body')[0]).appendChild(script); script.onload = ShopifyBuyInit; } function ShopifyBuyInit() { var client = ShopifyBuy.buildClient({ domain: 'le-balcon-dart.myshopify.com', storefrontAccessToken: 'b16007eb6bfcb8644ac013897e6398b8', }); ShopifyBuy.UI.onReady(client).then(function (ui) { ui.createComponent('collection', { id: '284189360283', node: document.getElementById('collection-component-1654606584792'), moneyFormat: '%24%7B%7Bamount%7D%7D', options: { \"product\": { \"styles\": { \"product\": { \"@media (min-width: 601px)\": { \"max-width\": \"calc(33.33333% - 30px)\", \"margin-left\": \"30px\", \"margin-bottom\": \"50px\", \"width\": \"calc(33.33333% - 30px)\" } }, \"title\": { \"color\": \"#000000\" }, \"button\": { \":hover\": { \"background-color\": \"#000000\" }, \"background-color\": \"#000000\", \":focus\": { \"background-color\": \"#000000\" } }, \"price\": { \"font-family\": \"Quantico, sans-serif\", \"font-weight\": \"bold\", \"color\": \"#ab0f0f\" }, \"compareAt\": { \"font-family\": \"Quantico, sans-serif\", \"font-weight\": \"bold\", \"color\": \"#ab0f0f\" }, \"unitPrice\": { \"font-family\": \"Quantico, sans-serif\", \"font-weight\": \"bold\", \"color\": \"#ab0f0f\" } }, \"text\": { \"button\": \"Acheter \/ Buy\" }, \"googleFonts\": [ \"Quantico\" ] }, \"productSet\": { \"styles\": { \"products\": { \"@media (min-width: 601px)\": { \"margin-left\": \"-30px\" } } } }, \"modalProduct\": { \"contents\": { \"img\": false, \"imgWithCarousel\": true, \"button\": false, \"buttonWithQuantity\": true }, \"styles\": { \"product\": { \"@media (min-width: 601px)\": { \"max-width\": \"100%\", \"margin-left\": \"0px\", \"margin-bottom\": \"0px\" } }, \"button\": { \":hover\": { \"background-color\": \"#000000\" }, \"background-color\": \"#000000\", \":focus\": { \"background-color\": \"#000000\" } }, \"title\": { \"font-family\": \"Helvetica Neue, sans-serif\", \"font-weight\": \"bold\", \"font-size\": \"26px\", \"color\": \"#4c4c4c\" }, \"price\": { \"font-family\": \"Helvetica Neue, sans-serif\", \"font-weight\": \"normal\", \"font-size\": \"18px\", \"color\": \"#4c4c4c\" }, \"compareAt\": { \"font-family\": \"Helvetica Neue, sans-serif\", \"font-weight\": \"normal\", \"font-size\": \"15.299999999999999px\", \"color\": \"#4c4c4c\" }, \"unitPrice\": { \"font-family\": \"Helvetica Neue, sans-serif\", \"font-weight\": \"normal\", \"font-size\": \"15.299999999999999px\", \"color\": \"#4c4c4c\" } }, \"text\": { \"button\": \"Add to cart\" } }, \"option\": {}, \"cart\": { \"styles\": { \"button\": { \":hover\": { \"background-color\": \"#000000\" }, \"background-color\": \"#000000\", \":focus\": { \"background-color\": \"#000000\" } } }, \"text\": { \"title\": \"Panier \/ Cart\", \"total\": \"Sous-total \/ Subtotal\", \"empty\": \"Votre panier est vide \/ Your cart is empty.\", \"notice\": \"Les codes d'exp\u00e9dition et de r\u00e9duction sont ajout\u00e9s \u00e0 la caisse. \/ Shipping and discount codes are added at checkout.\", \"button\": \"Passer \u00e0 la caisse \/ Checkout\", \"noteDescription\": \"Instruction sp\u00e9ciales \/ Special Instructions\" }, \"contents\": { \"note\": true } }, \"toggle\": { \"styles\": { \"toggle\": { \"background-color\": \"#000000\", \":hover\": { \"background-color\": \"#000000\" }, \":focus\": { \"background-color\": \"#000000\" } } } } }, }); }); } })(); \/*]]>*\/\n<\/script><\/p>\n<hr \/>\n<h3>About the artist<\/h3>\n<div class=\"one-fourth\"><\/p>\n<p><a href=\"https:\/\/balcondart.com\/wp-content\/uploads\/2015\/05\/galipo-1.jpg\"><img loading=\"lazy\" decoding=\"async\" class=\"alignleft size-full wp-image-43415\" src=\"https:\/\/balcondart.com\/wp-content\/uploads\/2015\/05\/galipo-1.jpg\" alt=\"\" width=\"450\" height=\"450\" srcset=\"https:\/\/balcondart.com\/wp-content\/uploads\/2015\/05\/galipo-1.jpg 450w, https:\/\/balcondart.com\/wp-content\/uploads\/2015\/05\/galipo-1-300x300.jpg 300w, https:\/\/balcondart.com\/wp-content\/uploads\/2015\/05\/galipo-1-150x150.jpg 150w, https:\/\/balcondart.com\/wp-content\/uploads\/2015\/05\/galipo-1-42x42.jpg 42w, https:\/\/balcondart.com\/wp-content\/uploads\/2015\/05\/galipo-1-45x45.jpg 45w\" sizes=\"auto, (max-width: 450px) 100vw, 450px\" \/><\/a><\/p>\n<p><\/div>\n<p>Marc Galipeau was born on September 17<sup>th<\/sup> 1967 in the Monteregie region.<\/p>\n<p>Although an artist by birth, he studied as a special education teacher, a profession he would practice until the age of 28 when he makes the jumps to the uncertain world of professional art.<\/p>\n<p>Thanks to his keen sense of self promotion and his undeniable talent, Marc Galipeau soon found himself a place in art galleries in Montreal, Quebec city and the Eastern Townships.<\/p>\n<p>Through his travels and connections, he built himself a network of contacts that allowed him to start showing his work throughout Canada, the United States and parts of Europe.<\/p>\n<p>Marc Galipeau\u2019s work is instantly recognizable by the soft, dreamlike atmospheres he is able to weave into his acrylic paintings.\u00a0 His characters, often appearing as if out of a dream, are done in true colors rendered in shimmering tones.\u00a0 Galipeau\u2019s style could be said to have a folk art quality but the depth and the work that goes into its execution put him in a style all his own.<\/p>\n<p>A serious and headstrong artist, Marc Galipeau\u2019s career is on a rising curve and shows no sign of slowing down its rise.<\/p>\n<div class=\"issuuembed\" style=\"width: 400px; height: 300px;\" data-configid=\"4989926\/12649455\"><\/div>\n<p><script src=\"\/\/e.issuu.com\/embed.js\" async=\"true\" type=\"text\/javascript\"><\/script><\/p>\n<p><a href=\"http:\/\/www.multi-art.net\/multiartmedia\/index.htm#galipeau\" target=\"_blank\" rel=\"noopener\">Marc Galipeau in the media<\/a><\/p>\n<p><a href=\"http:\/\/www.multiartgraphique.com\/\" target=\"_blank\" rel=\"noopener\">Available lithographs by Marc Galipeau<\/a><\/p>\n","protected":false},"excerpt":{"rendered":"<p>Available Works About the artist Marc Galipeau was born on September 17th 1967 in the &#8230;<\/p>\n","protected":false},"author":4,"featured_media":9570,"comment_status":"closed","ping_status":"closed","sticky":false,"template":"","format":"standard","meta":{"footnotes":""},"categories":[2,4,16,18,17],"tags":[],"class_list":["post-5429","post","type-post","status-publish","format-standard","has-post-thumbnail","hentry","category-artists","category-gallery-artists","category-people","category-sports","category-still-life"],"_links":{"self":[{"href":"https:\/\/balcondart.com\/en\/wp-json\/wp\/v2\/posts\/5429","targetHints":{"allow":["GET"]}}],"collection":[{"href":"https:\/\/balcondart.com\/en\/wp-json\/wp\/v2\/posts"}],"about":[{"href":"https:\/\/balcondart.com\/en\/wp-json\/wp\/v2\/types\/post"}],"author":[{"embeddable":true,"href":"https:\/\/balcondart.com\/en\/wp-json\/wp\/v2\/users\/4"}],"replies":[{"embeddable":true,"href":"https:\/\/balcondart.com\/en\/wp-json\/wp\/v2\/comments?post=5429"}],"version-history":[{"count":11,"href":"https:\/\/balcondart.com\/en\/wp-json\/wp\/v2\/posts\/5429\/revisions"}],"predecessor-version":[{"id":43417,"href":"https:\/\/balcondart.com\/en\/wp-json\/wp\/v2\/posts\/5429\/revisions\/43417"}],"wp:featuredmedia":[{"embeddable":true,"href":"https:\/\/balcondart.com\/en\/wp-json\/wp\/v2\/media\/9570"}],"wp:attachment":[{"href":"https:\/\/balcondart.com\/en\/wp-json\/wp\/v2\/media?parent=5429"}],"wp:term":[{"taxonomy":"category","embeddable":true,"href":"https:\/\/balcondart.com\/en\/wp-json\/wp\/v2\/categories?post=5429"},{"taxonomy":"post_tag","embeddable":true,"href":"https:\/\/balcondart.com\/en\/wp-json\/wp\/v2\/tags?post=5429"}],"curies":[{"name":"wp","href":"https:\/\/api.w.org\/{rel}","templated":true}]}}