{"id":4671,"date":"2015-05-10T20:45:22","date_gmt":"2015-05-10T20:45:22","guid":{"rendered":"http:\/\/devnuvo.com\/dev\/balcon\/?p=4671"},"modified":"2023-09-06T17:53:00","modified_gmt":"2023-09-06T17:53:00","slug":"fecteau-sarah","status":"publish","type":"post","link":"https:\/\/balcondart.com\/en\/fecteau-sarah\/","title":{"rendered":"FECTEAU, Sarah"},"content":{"rendered":"<h2>Available Works<\/h2>\n<div id=\"collection-component-1656593582495\"><\/div>\n<p><script type=\"text\/javascript\">\n\/*<![CDATA[*\/ (function () { var scriptURL = 'https:\/\/sdks.shopifycdn.com\/buy-button\/latest\/buy-button-storefront.min.js'; if (window.ShopifyBuy) { if (window.ShopifyBuy.UI) { ShopifyBuyInit(); } else { loadScript(); } } else { loadScript(); } function loadScript() { var script = document.createElement('script'); script.async = true; script.src = scriptURL; (document.getElementsByTagName('head')[0] || document.getElementsByTagName('body')[0]).appendChild(script); script.onload = ShopifyBuyInit; } function ShopifyBuyInit() { var client = ShopifyBuy.buildClient({ domain: 'le-balcon-dart.myshopify.com', storefrontAccessToken: 'b16007eb6bfcb8644ac013897e6398b8', }); ShopifyBuy.UI.onReady(client).then(function (ui) { ui.createComponent('collection', { id: '285238034587', node: document.getElementById('collection-component-1656593582495'), moneyFormat: '%24%7B%7Bamount%7D%7D', options: { \"product\": { \"styles\": { \"product\": { \"@media (min-width: 601px)\": { \"max-width\": \"calc(33.33333% - 30px)\", \"margin-left\": \"30px\", \"margin-bottom\": \"50px\", \"width\": \"calc(33.33333% - 30px)\" } }, \"title\": { \"color\": \"#000000\" }, \"button\": { \":hover\": { \"background-color\": \"#000000\" }, \"background-color\": \"#000000\", \":focus\": { \"background-color\": \"#000000\" } }, \"price\": { \"font-family\": \"Quantico, sans-serif\", \"font-weight\": \"bold\", \"color\": \"#ab0f0f\" }, \"compareAt\": { \"font-family\": \"Quantico, sans-serif\", \"font-weight\": \"bold\", \"color\": \"#ab0f0f\" }, \"unitPrice\": { \"font-family\": \"Quantico, sans-serif\", \"font-weight\": \"bold\", \"color\": \"#ab0f0f\" } }, \"text\": { \"button\": \"Acheter \/ Buy\" }, \"googleFonts\": [ \"Quantico\" ] }, \"productSet\": { \"styles\": { \"products\": { \"@media (min-width: 601px)\": { \"margin-left\": \"-30px\" } } } }, \"modalProduct\": { \"contents\": { \"img\": false, \"imgWithCarousel\": true, \"button\": false, \"buttonWithQuantity\": true }, \"styles\": { \"product\": { \"@media (min-width: 601px)\": { \"max-width\": \"100%\", \"margin-left\": \"0px\", \"margin-bottom\": \"0px\" } }, \"button\": { \":hover\": { \"background-color\": \"#000000\" }, \"background-color\": \"#000000\", \":focus\": { \"background-color\": \"#000000\" } }, \"title\": { \"font-family\": \"Helvetica Neue, sans-serif\", \"font-weight\": \"bold\", \"font-size\": \"26px\", \"color\": \"#4c4c4c\" }, \"price\": { \"font-family\": \"Helvetica Neue, sans-serif\", \"font-weight\": \"normal\", \"font-size\": \"18px\", \"color\": \"#4c4c4c\" }, \"compareAt\": { \"font-family\": \"Helvetica Neue, sans-serif\", \"font-weight\": \"normal\", \"font-size\": \"15.299999999999999px\", \"color\": \"#4c4c4c\" }, \"unitPrice\": { \"font-family\": \"Helvetica Neue, sans-serif\", \"font-weight\": \"normal\", \"font-size\": \"15.299999999999999px\", \"color\": \"#4c4c4c\" } }, \"text\": { \"button\": \"Add to cart\" } }, \"option\": {}, \"cart\": { \"styles\": { \"button\": { \":hover\": { \"background-color\": \"#000000\" }, \"background-color\": \"#000000\", \":focus\": { \"background-color\": \"#000000\" } } }, \"text\": { \"title\": \"Panier \/ Cart\", \"total\": \"Sous-total \/ Subtotal\", \"empty\": \"Votre panier est vide \/ Your cart is empty.\", \"notice\": \"Les codes d'exp\u00e9dition et de r\u00e9duction sont ajout\u00e9s \u00e0 la caisse. \/ Shipping and discount codes are added at checkout.\", \"button\": \"Passer \u00e0 la caisse \/ Checkout\", \"noteDescription\": \"Instruction sp\u00e9ciales \/ Special Instructions\" }, \"contents\": { \"note\": true } }, \"toggle\": { \"styles\": { \"toggle\": { \"background-color\": \"#000000\", \":hover\": { \"background-color\": \"#000000\" }, \":focus\": { \"background-color\": \"#000000\" } } } } }, }); }); } })(); \/*]]>*\/\n<\/script><\/p>\n<hr \/>\n<h3>About the artist<\/h3>\n<div class=\"one-fourth\"><\/p>\n<p><a href=\"https:\/\/balcondart.com\/wp-content\/uploads\/2015\/05\/fecto-1.jpg\"><img loading=\"lazy\" decoding=\"async\" class=\"alignleft size-full wp-image-43401\" src=\"https:\/\/balcondart.com\/wp-content\/uploads\/2015\/05\/fecto-1.jpg\" alt=\"\" width=\"450\" height=\"450\" srcset=\"https:\/\/balcondart.com\/wp-content\/uploads\/2015\/05\/fecto-1.jpg 450w, https:\/\/balcondart.com\/wp-content\/uploads\/2015\/05\/fecto-1-300x300.jpg 300w, https:\/\/balcondart.com\/wp-content\/uploads\/2015\/05\/fecto-1-150x150.jpg 150w, https:\/\/balcondart.com\/wp-content\/uploads\/2015\/05\/fecto-1-42x42.jpg 42w, https:\/\/balcondart.com\/wp-content\/uploads\/2015\/05\/fecto-1-45x45.jpg 45w\" sizes=\"auto, (max-width: 450px) 100vw, 450px\" \/><\/a><\/div>\n<p>Sarah Fecteau is a Quebec artist born in Thetford Mines on August 24th 1983.<\/p>\n<p>As a young girl, Fecteau develops a passion for drawing and a dedication to detail that would characterize her work up to the present.\u00a0 She discovers the work of hyperrealist American artist Steve Hanks and starts painting with acrylics in a style that, while reminiscent of her spiritual mentor, show all of her feminine and Latin side as well.<\/p>\n<p>At the age of nineteen, Sarah Fecteau decides that art will be her life calling and becomes a professional artist.\u00a0 At that moment begins a steady and undeniable rise to success in her adopted region of Monteregie where Sarah Fecteau becomes one of the favourites at art festivals and symposiums.\u00a0 Her hyperrealist style of painting reaches new art lovers every time she participates in one of those events.<\/p>\n<p>By the end of the 2000 decade, Sarah Fecteau begins her cross-Canada career by having her work on display at many a Canadian major gallery.<\/p>\n<p>In 2009, she is chosen to be a part of a Quebec delegation at a major art event at the Caroussel du Louvres in Paris where her work garners the attention of European art lovers.<\/p>\n<p>Sarah Fecteau is well representative of the new generation of artists and her growing success seem to promise a long and fruitful career for this sensitive artist all over the world.<\/p>\n<p><a href=\"https:\/\/www.multi-art.net\/multiartmedia\/index.htm#fecteau\" target=\"_blank\" rel=\"noopener\"><img loading=\"lazy\" decoding=\"async\" class=\"alignleft wp-image-41877 size-full\" src=\"https:\/\/balcondart.com\/wp-content\/uploads\/2015\/05\/mam.jpg\" alt=\"\" width=\"650\" height=\"150\" srcset=\"https:\/\/balcondart.com\/wp-content\/uploads\/2015\/05\/mam.jpg 650w, https:\/\/balcondart.com\/wp-content\/uploads\/2015\/05\/mam-300x69.jpg 300w, https:\/\/balcondart.com\/wp-content\/uploads\/2015\/05\/mam-640x148.jpg 640w\" sizes=\"auto, (max-width: 650px) 100vw, 650px\" \/><\/a><\/p>\n","protected":false},"excerpt":{"rendered":"<p>Available Works About the artist Sarah Fecteau is a Quebec artist born in Thetford Mines &#8230;<\/p>\n","protected":false},"author":4,"featured_media":30528,"comment_status":"closed","ping_status":"closed","sticky":false,"template":"","format":"standard","meta":{"footnotes":""},"categories":[2,4,16,19],"tags":[],"class_list":["post-4671","post","type-post","status-publish","format-standard","has-post-thumbnail","hentry","category-artists","category-gallery-artists","category-people","category-wildlife"],"_links":{"self":[{"href":"https:\/\/balcondart.com\/en\/wp-json\/wp\/v2\/posts\/4671","targetHints":{"allow":["GET"]}}],"collection":[{"href":"https:\/\/balcondart.com\/en\/wp-json\/wp\/v2\/posts"}],"about":[{"href":"https:\/\/balcondart.com\/en\/wp-json\/wp\/v2\/types\/post"}],"author":[{"embeddable":true,"href":"https:\/\/balcondart.com\/en\/wp-json\/wp\/v2\/users\/4"}],"replies":[{"embeddable":true,"href":"https:\/\/balcondart.com\/en\/wp-json\/wp\/v2\/comments?post=4671"}],"version-history":[{"count":10,"href":"https:\/\/balcondart.com\/en\/wp-json\/wp\/v2\/posts\/4671\/revisions"}],"predecessor-version":[{"id":43404,"href":"https:\/\/balcondart.com\/en\/wp-json\/wp\/v2\/posts\/4671\/revisions\/43404"}],"wp:featuredmedia":[{"embeddable":true,"href":"https:\/\/balcondart.com\/en\/wp-json\/wp\/v2\/media\/30528"}],"wp:attachment":[{"href":"https:\/\/balcondart.com\/en\/wp-json\/wp\/v2\/media?parent=4671"}],"wp:term":[{"taxonomy":"category","embeddable":true,"href":"https:\/\/balcondart.com\/en\/wp-json\/wp\/v2\/categories?post=4671"},{"taxonomy":"post_tag","embeddable":true,"href":"https:\/\/balcondart.com\/en\/wp-json\/wp\/v2\/tags?post=4671"}],"curies":[{"name":"wp","href":"https:\/\/api.w.org\/{rel}","templated":true}]}}