{"id":45033,"date":"2025-10-23T11:00:06","date_gmt":"2025-10-23T11:00:06","guid":{"rendered":"https:\/\/balcondart.com\/?p=45033"},"modified":"2025-11-04T20:05:05","modified_gmt":"2025-11-04T20:05:05","slug":"couleurs-en-folie-2025-40th-annivesary","status":"publish","type":"post","link":"https:\/\/balcondart.com\/en\/couleurs-en-folie-2025-40th-annivesary\/","title":{"rendered":"COULEURS EN FOLIE 2025 + 40th ANNIVESARY"},"content":{"rendered":"<h5><a href=\"https:\/\/balcondart.com\/wp-content\/uploads\/2025\/10\/couleurs25-2.jpg\"><img loading=\"lazy\" decoding=\"async\" class=\"alignnone size-full wp-image-45047\" src=\"https:\/\/balcondart.com\/wp-content\/uploads\/2025\/10\/couleurs25-2.jpg\" alt=\"\" width=\"1024\" height=\"354\" srcset=\"https:\/\/balcondart.com\/wp-content\/uploads\/2025\/10\/couleurs25-2.jpg 1024w, https:\/\/balcondart.com\/wp-content\/uploads\/2025\/10\/couleurs25-2-300x104.jpg 300w, https:\/\/balcondart.com\/wp-content\/uploads\/2025\/10\/couleurs25-2-768x266.jpg 768w, https:\/\/balcondart.com\/wp-content\/uploads\/2025\/10\/couleurs25-2-640x221.jpg 640w, https:\/\/balcondart.com\/wp-content\/uploads\/2025\/10\/couleurs25-2-750x259.jpg 750w\" sizes=\"auto, (max-width: 1024px) 100vw, 1024px\" \/><\/a><\/h5>\n<h5>Le Balcon d\u2019art Celebrates its 40th Anniversary with the Major Exhibition \u201cCouleurs en Folie\u201d<\/h5>\n<p>Le Balcon d\u2019art gallery, an iconic cultural institution on Montreal\u2019s South Shore, is proud to announce the celebration of its 40th Anniversary. What began as the dream of two friends has grown into a flourishing tradition, recognized today as one of the most respected galleries in North America.<\/p>\n<p>The gallery invites the public, collectors, and art enthusiasts to mark this historic milestone at the opening of its flagship annual exhibition, \u201cCouleurs en Folie\u201d (Colors Gone Wild), which will take place on Saturday, October 25, 2025, from 12 p.m. to 5 p.m.<\/p>\n<p>The \u201cCouleurs en Folie\u201d exhibition is the perfect opportunity to celebrate four decades of commitment to the visual arts. True to its history, the gallery will present a vibrant collection of works by its leading artists, as well as new discoveries, demonstrating its constant dynamism. This event is a tribute to the vision and passion that have driven the gallery since its inception.<\/p>\n<p>Under the current direction of Fay and Natalie, daughters of co-founder Bonnitta Beauchamp, Le Balcon d\u2019art continues to innovate while preserving its heritage. The team looks forward to sharing this moment of celebration and color with its loyal clientele and the artistic community.<\/p>\n<p>We look forward to seeing many of you on October 25th for a memorable vernissage!<\/p>\n<h5 id=\"collection-component-1761160817744\">AVAILABLE WORKS<\/h5>\n<p><script type=\"text\/javascript\">\n\/*<![CDATA[*\/ (function () { var scriptURL = 'https:\/\/sdks.shopifycdn.com\/buy-button\/latest\/buy-button-storefront.min.js'; if (window.ShopifyBuy) { if (window.ShopifyBuy.UI) { ShopifyBuyInit(); } else { loadScript(); } } else { loadScript(); } function loadScript() { var script = document.createElement('script'); script.async = true; script.src = scriptURL; (document.getElementsByTagName('head')[0] || document.getElementsByTagName('body')[0]).appendChild(script); script.onload = ShopifyBuyInit; } function ShopifyBuyInit() { var client = ShopifyBuy.buildClient({ domain: 'le-balcon-dart.myshopify.com', storefrontAccessToken: 'b16007eb6bfcb8644ac013897e6398b8', }); ShopifyBuy.UI.onReady(client).then(function (ui) { ui.createComponent('collection', { id: '350473027739', node: document.getElementById('collection-component-1761160817744'), moneyFormat: '%24%7B%7Bamount%7D%7D', options: { \"product\": { \"styles\": { \"product\": { \"@media (min-width: 601px)\": { \"max-width\": \"calc(25% - 20px)\", \"margin-left\": \"20px\", \"margin-bottom\": \"50px\", \"width\": \"calc(25% - 20px)\" }, \"text-align\": \"left\" }, \"title\": { \"color\": \"#000000\" }, \"button\": { \":hover\": { \"background-color\": \"#000000\" }, \"background-color\": \"#000000\", \":focus\": { \"background-color\": \"#000000\" } }, \"price\": { \"font-family\": \"Quantico, sans-serif\", \"font-weight\": \"bold\", \"color\": \"#ab0f0f\" }, \"compareAt\": { \"font-family\": \"Quantico, sans-serif\", \"font-weight\": \"bold\", \"color\": \"#ab0f0f\" }, \"unitPrice\": { \"font-family\": \"Quantico, sans-serif\", \"font-weight\": \"bold\", \"color\": \"#ab0f0f\" } }, \"text\": { \"button\": \"Acheter \/ Buy\" }, \"googleFonts\": [ \"Quantico\" ] }, \"productSet\": { \"styles\": { \"products\": { \"@media (min-width: 601px)\": { \"margin-left\": \"-20px\" } } } }, \"modalProduct\": { \"contents\": { \"img\": false, \"imgWithCarousel\": true, \"button\": false, \"buttonWithQuantity\": true }, \"styles\": { \"product\": { \"@media (min-width: 601px)\": { \"max-width\": \"100%\", \"margin-left\": \"0px\", \"margin-bottom\": \"0px\" } }, \"button\": { \":hover\": { \"background-color\": \"#000000\" }, \"background-color\": \"#000000\", \":focus\": { \"background-color\": \"#000000\" } }, \"title\": { \"font-family\": \"Helvetica Neue, sans-serif\", \"font-weight\": \"bold\", \"font-size\": \"26px\", \"color\": \"#4c4c4c\" }, \"price\": { \"font-family\": \"Helvetica Neue, sans-serif\", \"font-weight\": \"normal\", \"font-size\": \"18px\", \"color\": \"#4c4c4c\" }, \"compareAt\": { \"font-family\": \"Helvetica Neue, sans-serif\", \"font-weight\": \"normal\", \"font-size\": \"15.299999999999999px\", \"color\": \"#4c4c4c\" }, \"unitPrice\": { \"font-family\": \"Helvetica Neue, sans-serif\", \"font-weight\": \"normal\", \"font-size\": \"15.299999999999999px\", \"color\": \"#4c4c4c\" } }, \"text\": { \"button\": \"Add to cart\" } }, \"option\": {}, \"cart\": { \"styles\": { \"button\": { \":hover\": { \"background-color\": \"#000000\" }, \"background-color\": \"#000000\", \":focus\": { \"background-color\": \"#000000\" } } }, \"text\": { \"title\": \"Panier \/ Cart\", \"total\": \"Sous-total \/ Subtotal\", \"empty\": \"Votre panier est vide \/ Your cart is empty.\", \"notice\": \"Les codes d'exp\u00e9dition et de r\u00e9duction sont ajout\u00e9s \u00e0 la caisse. \/ Shipping and discount codes are added at checkout.\", \"button\": \"Passer \u00e0 la caisse \/ Checkout\", \"noteDescription\": \"Instruction sp\u00e9ciales \/ Special Instructions\" }, \"contents\": { \"note\": true } }, \"toggle\": { \"styles\": { \"toggle\": { \"background-color\": \"#000000\", \":hover\": { \"background-color\": \"#000000\" }, \":focus\": { \"background-color\": \"#000000\" } } } } }, }); }); } })(); \/*]]>*\/\n<\/script><\/p>\n","protected":false},"excerpt":{"rendered":"<p>Le Balcon d\u2019art Celebrates its 40th Anniversary with the Major Exhibition \u201cCouleurs en Folie\u201d Le &#8230;<\/p>\n","protected":false},"author":4,"featured_media":45012,"comment_status":"closed","ping_status":"closed","sticky":false,"template":"","format":"standard","meta":{"footnotes":""},"categories":[1],"tags":[],"class_list":["post-45033","post","type-post","status-publish","format-standard","has-post-thumbnail","hentry","category-uncategorized"],"_links":{"self":[{"href":"https:\/\/balcondart.com\/en\/wp-json\/wp\/v2\/posts\/45033","targetHints":{"allow":["GET"]}}],"collection":[{"href":"https:\/\/balcondart.com\/en\/wp-json\/wp\/v2\/posts"}],"about":[{"href":"https:\/\/balcondart.com\/en\/wp-json\/wp\/v2\/types\/post"}],"author":[{"embeddable":true,"href":"https:\/\/balcondart.com\/en\/wp-json\/wp\/v2\/users\/4"}],"replies":[{"embeddable":true,"href":"https:\/\/balcondart.com\/en\/wp-json\/wp\/v2\/comments?post=45033"}],"version-history":[{"count":4,"href":"https:\/\/balcondart.com\/en\/wp-json\/wp\/v2\/posts\/45033\/revisions"}],"predecessor-version":[{"id":45049,"href":"https:\/\/balcondart.com\/en\/wp-json\/wp\/v2\/posts\/45033\/revisions\/45049"}],"wp:featuredmedia":[{"embeddable":true,"href":"https:\/\/balcondart.com\/en\/wp-json\/wp\/v2\/media\/45012"}],"wp:attachment":[{"href":"https:\/\/balcondart.com\/en\/wp-json\/wp\/v2\/media?parent=45033"}],"wp:term":[{"taxonomy":"category","embeddable":true,"href":"https:\/\/balcondart.com\/en\/wp-json\/wp\/v2\/categories?post=45033"},{"taxonomy":"post_tag","embeddable":true,"href":"https:\/\/balcondart.com\/en\/wp-json\/wp\/v2\/tags?post=45033"}],"curies":[{"name":"wp","href":"https:\/\/api.w.org\/{rel}","templated":true}]}}