{"id":39140,"date":"2020-12-09T18:43:24","date_gmt":"2020-12-09T18:43:24","guid":{"rendered":"https:\/\/balcondart.com\/?p=39140"},"modified":"2023-03-14T18:05:58","modified_gmt":"2023-03-14T18:05:58","slug":"suzor-cote-marc-aurele-de-foyt","status":"publish","type":"post","link":"https:\/\/balcondart.com\/en\/suzor-cote-marc-aurele-de-foyt\/","title":{"rendered":"SUZOR-C\u00d4T\u00c9, Marc-Aur\u00e8le de Foy"},"content":{"rendered":"<h2>Available Works<\/h2>\n<div id=\"collection-component-1670443881272\">&nbsp;<\/div>\n<p><script type=\"text\/javascript\">\n\/*<![CDATA[*\/ (function () { var scriptURL = 'https:\/\/sdks.shopifycdn.com\/buy-button\/latest\/buy-button-storefront.min.js'; if (window.ShopifyBuy) { if (window.ShopifyBuy.UI) { ShopifyBuyInit(); } else { loadScript(); } } else { loadScript(); } function loadScript() { var script = document.createElement('script'); script.async = true; script.src = scriptURL; (document.getElementsByTagName('head')[0] || document.getElementsByTagName('body')[0]).appendChild(script); script.onload = ShopifyBuyInit; } function ShopifyBuyInit() { var client = ShopifyBuy.buildClient({ domain: 'le-balcon-dart.myshopify.com', storefrontAccessToken: 'b16007eb6bfcb8644ac013897e6398b8', }); ShopifyBuy.UI.onReady(client).then(function (ui) { ui.createComponent('collection', { id: '290054111387', node: document.getElementById('collection-component-1670443881272'), moneyFormat: '%24%7B%7Bamount%7D%7D', options: { \"product\": { \"styles\": { \"product\": { \"@media (min-width: 601px)\": { \"max-width\": \"calc(33.33333% - 30px)\", \"margin-left\": \"30px\", \"margin-bottom\": \"50px\", \"width\": \"calc(33.33333% - 30px)\" } }, \"title\": { \"color\": \"#000000\" }, \"button\": { \":hover\": { \"background-color\": \"#000000\" }, \"background-color\": \"#000000\", \":focus\": { \"background-color\": \"#000000\" } }, \"price\": { \"font-family\": \"Quantico, sans-serif\", \"font-weight\": \"bold\", \"color\": \"#ab0f0f\" }, \"compareAt\": { \"font-family\": \"Quantico, sans-serif\", \"font-weight\": \"bold\", \"color\": \"#ab0f0f\" }, \"unitPrice\": { \"font-family\": \"Quantico, sans-serif\", \"font-weight\": \"bold\", \"color\": \"#ab0f0f\" } }, \"text\": { \"button\": \"Acheter \/ Buy\" }, \"googleFonts\": [ \"Quantico\" ] }, \"productSet\": { \"styles\": { \"products\": { \"@media (min-width: 601px)\": { \"margin-left\": \"-30px\" } } } }, \"modalProduct\": { \"contents\": { \"img\": false, \"imgWithCarousel\": true, \"button\": false, \"buttonWithQuantity\": true }, \"styles\": { \"product\": { \"@media (min-width: 601px)\": { \"max-width\": \"100%\", \"margin-left\": \"0px\", \"margin-bottom\": \"0px\" } }, \"button\": { \":hover\": { \"background-color\": \"#000000\" }, \"background-color\": \"#000000\", \":focus\": { \"background-color\": \"#000000\" } }, \"title\": { \"font-family\": \"Helvetica Neue, sans-serif\", \"font-weight\": \"bold\", \"font-size\": \"26px\", \"color\": \"#4c4c4c\" }, \"price\": { \"font-family\": \"Helvetica Neue, sans-serif\", \"font-weight\": \"normal\", \"font-size\": \"18px\", \"color\": \"#4c4c4c\" }, \"compareAt\": { \"font-family\": \"Helvetica Neue, sans-serif\", \"font-weight\": \"normal\", \"font-size\": \"15.299999999999999px\", \"color\": \"#4c4c4c\" }, \"unitPrice\": { \"font-family\": \"Helvetica Neue, sans-serif\", \"font-weight\": \"normal\", \"font-size\": \"15.299999999999999px\", \"color\": \"#4c4c4c\" } }, \"text\": { \"button\": \"Add to cart\" } }, \"option\": {}, \"cart\": { \"styles\": { \"button\": { \":hover\": { \"background-color\": \"#000000\" }, \"background-color\": \"#000000\", \":focus\": { \"background-color\": \"#000000\" } } }, \"text\": { \"title\": \"Panier \/ Cart\", \"total\": \"Sous-total \/ Subtotal\", \"empty\": \"Votre panier est vide \/ Your cart is empty.\", \"notice\": \"Les codes d'exp\u00e9dition et de r\u00e9duction sont ajout\u00e9s \u00e0 la caisse. \/ Shipping and discount codes are added at checkout.\", \"button\": \"Passer \u00e0 la caisse \/ Checkout\", \"noteDescription\": \"Instruction sp\u00e9ciales \/ Special Instructions\" }, \"contents\": { \"note\": true } }, \"toggle\": { \"styles\": { \"toggle\": { \"background-color\": \"#000000\", \":hover\": { \"background-color\": \"#000000\" }, \":focus\": { \"background-color\": \"#000000\" } } } } }, }); }); } })(); \/*]]>*\/\n<\/script><\/p>\n<hr>\n<h2>About the artist<\/h2>\n<div class=\"one-fourth\"><\/p>\n<p><a href=\"https:\/\/balcondart.com\/wp-content\/uploads\/2020\/12\/zuzor.jpg\"><img loading=\"lazy\" decoding=\"async\" class=\"alignleft size-full wp-image-42496\" src=\"https:\/\/balcondart.com\/wp-content\/uploads\/2020\/12\/zuzor.jpg\" alt=\"\" width=\"400\" height=\"516\" srcset=\"https:\/\/balcondart.com\/wp-content\/uploads\/2020\/12\/zuzor.jpg 400w, https:\/\/balcondart.com\/wp-content\/uploads\/2020\/12\/zuzor-233x300.jpg 233w\" sizes=\"auto, (max-width: 400px) 100vw, 400px\" \/><\/a><\/p>\n<p><\/div>\n<p>Marc-Aur\u00e8le de Foy Suzor-Cot\u00e9 RCA (April 6, 1869 \u2013 January 29, 1937) was a French Canadian painter and sculptor. He was one of the first native-born Canadian artists whose works were directly influenced by French Impressionism of the 1860s.<\/p>\n<p>He was born in Arthabaska, Quebec in 1869 and his father was an artist. Suzor-Cot\u00e9 studied at the Coll\u00e8ge du Sacr\u00e9-Coeur, Arthabaska. He was a baritone, who studied music at the Conservatory of Music in Paris in 1890, but later in the 1890s, studied painting and sculpture at the \u00c9cole des Beaux-Arts with L\u00e9on Bonnat. At the school, he learned of the work of Swedish sculptor Carl Milles whose sculptures of indigenous people influenced him. He also studied painting and sculpture at the Julian and Colarossi Academies. He exhibited his works in 1894 at the Salon des Artistes Fran\u00e7ais. His Death of Archimedes won the Grand Prize at the Paris Salon.<\/p>\n<p>After his return to Quebec in 1908, he established a studio in Montreal creating paintings with classic interpretations of Canadian landscapes. He produced many Impressionist paintings of the Quebec landscape, as well as portraits, nudes, historical paintings and later sculptures. In his paintings, he was most interested in the play of light on snow and water.<\/p>\n<p>Suzor-Cot\u00e9 was made a member of the Royal Canadian Academy of Arts. There were numerous exhibitions of his work during his lifetime and afterwards. In 2002, Suzor-Cot\u00e9, 1869-1937: Light and Matter, co-organized by the Mus\u00e9e du Qu\u00e9bec and the National Gallery of Canada, was circulated by the Mus\u00e9e du Qu\u00e9bec. This first major retrospective of Suzor-Cot\u00e9, the first in 75 years, brought together over 140 works.<\/p>\n<p>Suzor-Cot\u00e9 became paralyzed in 1927. In 1929, Suzor-C\u00f4t\u00e9 moved to Daytona Beach, Florida, where he died on 29 January 1937.<\/p>\n<p>Recognition<\/p>\n<p>On 14 March 1969 Canada Post issued &#8216;Suzor-Cot\u00e9, 1869-1937&#8217; based on a painting &#8220;Return from the Harvest Field&#8221; (1903) by Marc-Aur\u00e8le de Foy Suzor-Cot\u00e9 in the National Gallery of Canada, Ottawa, Ontario. The 50\u00a2 stamps are perforated 13 and were printed by Canadian Bank Note Company, Limited.<\/p>\n<p>Selected works<\/p>\n<p>He produced forty or fifty small bronze Impressionist figures and groups. As of 2020, the Suzor-Cot\u00e9 collection in Ottawa&#8217;s National Gallery of Canada consists of twenty-eight paintings, ten sculptures and a number of drawings.[5] Return from the Harvest Field was acquired by the National Gallery in 1904. Other Suzor-Cot\u00e9 works in Canada are to be found in Quebec City&#8217;s Mus\u00e9e national des beaux-arts, the RiverBrink Art Museum, and in private collections.<\/p>\n<p>&nbsp;<\/p>\n<p>&nbsp;<\/p>\n<p>&nbsp;<\/p>\n<p>&nbsp;<\/p>\n<p>&nbsp;<\/p>\n<p>&nbsp;<\/p>\n<p>&nbsp;<\/p>\n","protected":false},"excerpt":{"rendered":"<p>Available Works &nbsp; About the artist Marc-Aur\u00e8le de Foy Suzor-Cot\u00e9 RCA (April 6, 1869 \u2013 &#8230;<\/p>\n","protected":false},"author":4,"featured_media":42787,"comment_status":"closed","ping_status":"closed","sticky":false,"template":"","format":"standard","meta":{"footnotes":""},"categories":[2,15,3,16],"tags":[],"class_list":["post-39140","post","type-post","status-publish","format-standard","has-post-thumbnail","hentry","category-artists","category-landscape","category-masters","category-people"],"_links":{"self":[{"href":"https:\/\/balcondart.com\/en\/wp-json\/wp\/v2\/posts\/39140","targetHints":{"allow":["GET"]}}],"collection":[{"href":"https:\/\/balcondart.com\/en\/wp-json\/wp\/v2\/posts"}],"about":[{"href":"https:\/\/balcondart.com\/en\/wp-json\/wp\/v2\/types\/post"}],"author":[{"embeddable":true,"href":"https:\/\/balcondart.com\/en\/wp-json\/wp\/v2\/users\/4"}],"replies":[{"embeddable":true,"href":"https:\/\/balcondart.com\/en\/wp-json\/wp\/v2\/comments?post=39140"}],"version-history":[{"count":7,"href":"https:\/\/balcondart.com\/en\/wp-json\/wp\/v2\/posts\/39140\/revisions"}],"predecessor-version":[{"id":42500,"href":"https:\/\/balcondart.com\/en\/wp-json\/wp\/v2\/posts\/39140\/revisions\/42500"}],"wp:featuredmedia":[{"embeddable":true,"href":"https:\/\/balcondart.com\/en\/wp-json\/wp\/v2\/media\/42787"}],"wp:attachment":[{"href":"https:\/\/balcondart.com\/en\/wp-json\/wp\/v2\/media?parent=39140"}],"wp:term":[{"taxonomy":"category","embeddable":true,"href":"https:\/\/balcondart.com\/en\/wp-json\/wp\/v2\/categories?post=39140"},{"taxonomy":"post_tag","embeddable":true,"href":"https:\/\/balcondart.com\/en\/wp-json\/wp\/v2\/tags?post=39140"}],"curies":[{"name":"wp","href":"https:\/\/api.w.org\/{rel}","templated":true}]}}