{"id":26521,"date":"2018-07-04T16:34:57","date_gmt":"2018-07-04T16:34:57","guid":{"rendered":"http:\/\/balcondart.com\/?p=26521"},"modified":"2018-07-04T16:38:09","modified_gmt":"2018-07-04T16:38:09","slug":"paul-tex-lecor","status":"publish","type":"post","link":"https:\/\/balcondart.com\/en\/paul-tex-lecor\/","title":{"rendered":"PAUL &#8220;TEX&#8221; LECOR"},"content":{"rendered":"<p><a href=\"http:\/\/www.multi-art.net\/multiartmedia\/index.htm#tex\"><img loading=\"lazy\" decoding=\"async\" class=\"alignnone size-full wp-image-26522\" src=\"http:\/\/balcondart.com\/wp-content\/uploads\/2018\/07\/01.jpg\" alt=\"\" width=\"800\" height=\"856\" srcset=\"https:\/\/balcondart.com\/wp-content\/uploads\/2018\/07\/01.jpg 800w, https:\/\/balcondart.com\/wp-content\/uploads\/2018\/07\/01-280x300.jpg 280w, https:\/\/balcondart.com\/wp-content\/uploads\/2018\/07\/01-768x822.jpg 768w, https:\/\/balcondart.com\/wp-content\/uploads\/2018\/07\/01-640x685.jpg 640w, https:\/\/balcondart.com\/wp-content\/uploads\/2018\/07\/01-750x803.jpg 750w\" sizes=\"auto, (max-width: 800px) 100vw, 800px\" \/><\/a><\/p>\n<p>Il y a un an \u00e0 peine se terminait la derni\u00e8re exposition d\u2019\u0153uvres de Tex au Balcon d\u2019art.&nbsp; \u00c0 ce moment-l\u00e0, nous pensions tous avoir le plaisir de remettre \u00e7a avant longtemps.<\/p>\n<p>\u00c9videmment, les \u00e9v\u00e9nements survenus \u00e0 la fin de l\u2019\u00e9t\u00e9 sont venus donner une signification toute particuli\u00e8re \u00e0 cette ultime exposition et, pour nous, ses amis; sa famille artistique; les temps a \u00e9t\u00e9 propice \u00e0 ressasser les bons souvenirs d\u2019une collaboration de plus de quatre d\u00e9cennies.<\/p>\n<p>Nous avons eu l\u2019occasion de creuser dans nos volumineuses archives et vous proposons de consulter des documents rares disponibles&nbsp; <a href=\"http:\/\/trk.cp20.com\/click\/325k-qfwt4-fdh08t-6dklpu3\/\"><strong>ICI<\/strong><\/a><\/p>\n<p>Nous vous invitons aussi \u00e0 visiter le site web officiel de Tex&nbsp;:&nbsp;<a href=\"http:\/\/trk.cp20.com\/click\/325k-qfwt4-fdh08u-6dklpu4\/\"><strong>texlecor.com<\/strong><\/a><\/p>\n<p>\u00c9videmment, Tex, c\u2019est la peinture!&nbsp; Nous vous invitons \u00e0 admirer la collection disponible sur notre&nbsp;<a href=\"http:\/\/trk.cp20.com\/click\/325k-qfwt4-fdh08v-6dklpu5\/\"><strong>site internet<\/strong><\/a><\/p>\n<p><a href=\"http:\/\/balcondart.com\/lecor-paul-tex\/\"><img loading=\"lazy\" decoding=\"async\" class=\"alignnone size-full wp-image-26524\" src=\"http:\/\/balcondart.com\/wp-content\/uploads\/2018\/07\/02.jpg\" alt=\"\" width=\"800\" height=\"1221\" srcset=\"https:\/\/balcondart.com\/wp-content\/uploads\/2018\/07\/02.jpg 800w, https:\/\/balcondart.com\/wp-content\/uploads\/2018\/07\/02-197x300.jpg 197w, https:\/\/balcondart.com\/wp-content\/uploads\/2018\/07\/02-768x1172.jpg 768w, https:\/\/balcondart.com\/wp-content\/uploads\/2018\/07\/02-671x1024.jpg 671w, https:\/\/balcondart.com\/wp-content\/uploads\/2018\/07\/02-640x977.jpg 640w, https:\/\/balcondart.com\/wp-content\/uploads\/2018\/07\/02-750x1145.jpg 750w\" sizes=\"auto, (max-width: 800px) 100vw, 800px\" \/><\/a><\/p>\n","protected":false},"excerpt":{"rendered":"<p>Il y a un an \u00e0 peine se terminait la derni\u00e8re exposition d\u2019\u0153uvres de Tex &#8230;<\/p>\n","protected":false},"author":4,"featured_media":26532,"comment_status":"closed","ping_status":"closed","sticky":false,"template":"","format":"standard","meta":{"footnotes":""},"categories":[8],"tags":[],"class_list":["post-26521","post","type-post","status-publish","format-standard","has-post-thumbnail","hentry","category-news"],"_links":{"self":[{"href":"https:\/\/balcondart.com\/en\/wp-json\/wp\/v2\/posts\/26521","targetHints":{"allow":["GET"]}}],"collection":[{"href":"https:\/\/balcondart.com\/en\/wp-json\/wp\/v2\/posts"}],"about":[{"href":"https:\/\/balcondart.com\/en\/wp-json\/wp\/v2\/types\/post"}],"author":[{"embeddable":true,"href":"https:\/\/balcondart.com\/en\/wp-json\/wp\/v2\/users\/4"}],"replies":[{"embeddable":true,"href":"https:\/\/balcondart.com\/en\/wp-json\/wp\/v2\/comments?post=26521"}],"version-history":[{"count":3,"href":"https:\/\/balcondart.com\/en\/wp-json\/wp\/v2\/posts\/26521\/revisions"}],"predecessor-version":[{"id":26529,"href":"https:\/\/balcondart.com\/en\/wp-json\/wp\/v2\/posts\/26521\/revisions\/26529"}],"wp:featuredmedia":[{"embeddable":true,"href":"https:\/\/balcondart.com\/en\/wp-json\/wp\/v2\/media\/26532"}],"wp:attachment":[{"href":"https:\/\/balcondart.com\/en\/wp-json\/wp\/v2\/media?parent=26521"}],"wp:term":[{"taxonomy":"category","embeddable":true,"href":"https:\/\/balcondart.com\/en\/wp-json\/wp\/v2\/categories?post=26521"},{"taxonomy":"post_tag","embeddable":true,"href":"https:\/\/balcondart.com\/en\/wp-json\/wp\/v2\/tags?post=26521"}],"curies":[{"name":"wp","href":"https:\/\/api.w.org\/{rel}","templated":true}]}}