{"id":25998,"date":"2018-04-24T19:25:38","date_gmt":"2018-04-24T19:25:38","guid":{"rendered":"http:\/\/balcondart.com\/?p=25998"},"modified":"2025-11-27T14:46:20","modified_gmt":"2025-11-27T14:46:20","slug":"charest-gilles","status":"publish","type":"post","link":"https:\/\/balcondart.com\/en\/charest-gilles\/","title":{"rendered":"CHAREST, Gilles"},"content":{"rendered":"<h2>Available Works<\/h2>\n<div id=\"collection-component-1616610489020\"><\/div>\n<p><script type=\"text\/javascript\">\n\/*<![CDATA[*\/ (function () { var scriptURL = 'https:\/\/sdks.shopifycdn.com\/buy-button\/latest\/buy-button-storefront.min.js'; if (window.ShopifyBuy) { if (window.ShopifyBuy.UI) { ShopifyBuyInit(); } else { loadScript(); } } else { loadScript(); } function loadScript() { var script = document.createElement('script'); script.async = true; script.src = scriptURL; (document.getElementsByTagName('head')[0] || document.getElementsByTagName('body')[0]).appendChild(script); script.onload = ShopifyBuyInit; } function ShopifyBuyInit() { var client = ShopifyBuy.buildClient({ domain: 'le-balcon-dart.myshopify.com', storefrontAccessToken: 'b16007eb6bfcb8644ac013897e6398b8', }); ShopifyBuy.UI.onReady(client).then(function (ui) { ui.createComponent('collection', { id: '262556909723', node: document.getElementById('collection-component-1616610489020'), moneyFormat: '%24%7B%7Bamount%7D%7D', options: { \"product\": { \"styles\": { \"product\": { \"@media (min-width: 601px)\": { \"max-width\": \"calc(33.33333% - 30px)\", \"margin-left\": \"30px\", \"margin-bottom\": \"50px\", \"width\": \"calc(33.33333% - 30px)\" } }, \"button\": { \":hover\": { \"background-color\": \"#000000\" }, \"background-color\": \"#000000\", \":focus\": { \"background-color\": \"#000000\" } }, \"price\": { \"font-family\": \"Quantico, sans-serif\", \"font-weight\": \"bold\", \"color\": \"#ab0f0f\" }, \"compareAt\": { \"font-family\": \"Quantico, sans-serif\", \"font-weight\": \"bold\", \"color\": \"#ab0f0f\" }, \"unitPrice\": { \"font-family\": \"Quantico, sans-serif\", \"font-weight\": \"bold\", \"color\": \"#ab0f0f\" } }, \"text\": { \"button\": \"Acheter \/ Buy\" }, \"googleFonts\": [ \"Quantico\" ] }, \"productSet\": { \"styles\": { \"products\": { \"@media (min-width: 601px)\": { \"margin-left\": \"-30px\" } } } }, \"modalProduct\": { \"contents\": { \"img\": false, \"imgWithCarousel\": true, \"button\": false, \"buttonWithQuantity\": true }, \"styles\": { \"product\": { \"@media (min-width: 601px)\": { \"max-width\": \"100%\", \"margin-left\": \"0px\", \"margin-bottom\": \"0px\" } }, \"button\": { \":hover\": { \"background-color\": \"#000000\" }, \"background-color\": \"#000000\", \":focus\": { \"background-color\": \"#000000\" } }, \"price\": { \"font-family\": \"Helvetica Neue, sans-serif\", \"font-weight\": \"normal\", \"font-size\": \"18px\", \"color\": \"#4c4c4c\" }, \"compareAt\": { \"font-family\": \"Helvetica Neue, sans-serif\", \"font-weight\": \"normal\", \"font-size\": \"15.299999999999999px\", \"color\": \"#4c4c4c\" }, \"unitPrice\": { \"font-family\": \"Helvetica Neue, sans-serif\", \"font-weight\": \"normal\", \"font-size\": \"15.299999999999999px\", \"color\": \"#4c4c4c\" } }, \"text\": { \"button\": \"Add to cart\" } }, \"option\": {}, \"cart\": { \"styles\": { \"button\": { \":hover\": { \"background-color\": \"#000000\" }, \"background-color\": \"#000000\", \":focus\": { \"background-color\": \"#000000\" } } }, \"text\": { \"title\": \"Panier \/ Cart\", \"total\": \"Sous-total \/ Subtotal\", \"empty\": \"Votre panier est vide \/ Your cart is empty.\", \"notice\": \"Les codes d'exp\u00e9dition et de r\u00e9duction sont ajout\u00e9s \u00e0 la caisse. \/ Shipping and discount codes are added at checkout.\", \"button\": \"Passer \u00e0 la caisse \/ Checkout\", \"noteDescription\": \"Instruction sp\u00e9ciales \/ Special Instructions\" }, \"contents\": { \"note\": true } }, \"toggle\": { \"styles\": { \"toggle\": { \"background-color\": \"#000000\", \":hover\": { \"background-color\": \"#000000\" }, \":focus\": { \"background-color\": \"#000000\" } } } } }, }); }); } })(); \/*]]>*\/\n<\/script><\/p>\n<hr \/>\n<h3>About the artist<\/h3>\n<div class=\"one-fourth\"><\/p>\n<p><a href=\"https:\/\/balcondart.com\/wp-content\/uploads\/2018\/04\/charett.jpg\"><img loading=\"lazy\" decoding=\"async\" class=\"alignleft size-full wp-image-43175\" src=\"https:\/\/balcondart.com\/wp-content\/uploads\/2018\/04\/charett.jpg\" alt=\"\" width=\"450\" height=\"450\" srcset=\"https:\/\/balcondart.com\/wp-content\/uploads\/2018\/04\/charett.jpg 450w, https:\/\/balcondart.com\/wp-content\/uploads\/2018\/04\/charett-300x300.jpg 300w, https:\/\/balcondart.com\/wp-content\/uploads\/2018\/04\/charett-150x150.jpg 150w, https:\/\/balcondart.com\/wp-content\/uploads\/2018\/04\/charett-42x42.jpg 42w, https:\/\/balcondart.com\/wp-content\/uploads\/2018\/04\/charett-45x45.jpg 45w\" sizes=\"auto, (max-width: 450px) 100vw, 450px\" \/><\/a><br \/>\n<\/div>\n<p>Gilles Charest is a Quebecois painter born in Montreal in 1947 . His artistic journey is notable as he first studied pedagogy, literature, and administration at the University of Montreal before changing careers. In 1975, he co-founded an advertising agency where he held the position of creative director.<\/p>\n<p>A passionate art collector, Gilles Charest dedicated himself diligently to painting since 1990, making art his full-time way of life since 1999. He is also a sculptor.<\/p>\n<p>Gilles Charest&#8217;s works have been exhibited in galleries since 1999 and are found in collections in Canada and the United States. He also participated in artistic events in Europe.<\/p>\n<p>In summary, Gilles Charest is a contemporary painter whose work stood out for his luminous and textured reinterpretation of still lifes, his mastery of color, and his unique approach to composition, all imbued with deep sensuality and constant exploration.<\/p>\n<p>The artist passed away in 2025.<\/p>\n<p><a href=\"https:\/\/www.multi-art.net\/multiartmedia\/index.htm#blanchet\"><img loading=\"lazy\" decoding=\"async\" class=\"alignleft size-full wp-image-43146\" src=\"https:\/\/balcondart.com\/wp-content\/uploads\/2015\/05\/mam-1.jpg\" alt=\"\" width=\"650\" height=\"150\" srcset=\"https:\/\/balcondart.com\/wp-content\/uploads\/2015\/05\/mam-1.jpg 650w, https:\/\/balcondart.com\/wp-content\/uploads\/2015\/05\/mam-1-300x69.jpg 300w, https:\/\/balcondart.com\/wp-content\/uploads\/2015\/05\/mam-1-640x148.jpg 640w\" sizes=\"auto, (max-width: 650px) 100vw, 650px\" \/><\/a><\/p>\n<p>&nbsp;<\/p>\n<p><iframe loading=\"lazy\" src=\"https:\/\/www.youtube.com\/embed\/wS7vku5zI2Q\" width=\"560\" height=\"315\" frameborder=\"0\" allowfullscreen=\"allowfullscreen\"><\/iframe><\/p>\n<p><iframe loading=\"lazy\" title=\"Nouveaut\u00e9s GILLES CHAREST - 26 aout 2022\" src=\"https:\/\/www.youtube.com\/embed\/mP-d8ILdTsE\" width=\"560\" height=\"315\" frameborder=\"0\" allowfullscreen=\"allowfullscreen\"><\/iframe><\/p>\n","protected":false},"excerpt":{"rendered":"<p>Available Works About the artist Gilles Charest is a Quebecois painter born in Montreal in &#8230;<\/p>\n","protected":false},"author":4,"featured_media":44704,"comment_status":"closed","ping_status":"closed","sticky":false,"template":"","format":"standard","meta":{"footnotes":""},"categories":[2,9,4,8,17],"tags":[],"class_list":["post-25998","post","type-post","status-publish","format-standard","has-post-thumbnail","hentry","category-artists","category-events","category-gallery-artists","category-news","category-still-life"],"_links":{"self":[{"href":"https:\/\/balcondart.com\/en\/wp-json\/wp\/v2\/posts\/25998","targetHints":{"allow":["GET"]}}],"collection":[{"href":"https:\/\/balcondart.com\/en\/wp-json\/wp\/v2\/posts"}],"about":[{"href":"https:\/\/balcondart.com\/en\/wp-json\/wp\/v2\/types\/post"}],"author":[{"embeddable":true,"href":"https:\/\/balcondart.com\/en\/wp-json\/wp\/v2\/users\/4"}],"replies":[{"embeddable":true,"href":"https:\/\/balcondart.com\/en\/wp-json\/wp\/v2\/comments?post=25998"}],"version-history":[{"count":14,"href":"https:\/\/balcondart.com\/en\/wp-json\/wp\/v2\/posts\/25998\/revisions"}],"predecessor-version":[{"id":45189,"href":"https:\/\/balcondart.com\/en\/wp-json\/wp\/v2\/posts\/25998\/revisions\/45189"}],"wp:featuredmedia":[{"embeddable":true,"href":"https:\/\/balcondart.com\/en\/wp-json\/wp\/v2\/media\/44704"}],"wp:attachment":[{"href":"https:\/\/balcondart.com\/en\/wp-json\/wp\/v2\/media?parent=25998"}],"wp:term":[{"taxonomy":"category","embeddable":true,"href":"https:\/\/balcondart.com\/en\/wp-json\/wp\/v2\/categories?post=25998"},{"taxonomy":"post_tag","embeddable":true,"href":"https:\/\/balcondart.com\/en\/wp-json\/wp\/v2\/tags?post=25998"}],"curies":[{"name":"wp","href":"https:\/\/api.w.org\/{rel}","templated":true}]}}