{"id":18850,"date":"2017-04-07T11:00:29","date_gmt":"2017-04-07T11:00:29","guid":{"rendered":"http:\/\/balcondart.com\/en\/?p=18850"},"modified":"2017-04-06T17:12:47","modified_gmt":"2017-04-06T17:12:47","slug":"featuring-roland-palmaerts","status":"publish","type":"post","link":"https:\/\/balcondart.com\/en\/featuring-roland-palmaerts\/","title":{"rendered":"EN VEDETTE : ROLAND PALMAERTS!"},"content":{"rendered":"<p><a href=\"http:\/\/balcondart.com\/wp-content\/uploads\/2017\/04\/01.jpg\"><img loading=\"lazy\" decoding=\"async\" class=\"alignnone size-full wp-image-18851\" src=\"http:\/\/balcondart.com\/wp-content\/uploads\/2017\/04\/01.jpg\" alt=\"01\" width=\"798\" height=\"875\" srcset=\"https:\/\/balcondart.com\/wp-content\/uploads\/2017\/04\/01.jpg 798w, https:\/\/balcondart.com\/wp-content\/uploads\/2017\/04\/01-274x300.jpg 274w, https:\/\/balcondart.com\/wp-content\/uploads\/2017\/04\/01-768x842.jpg 768w, https:\/\/balcondart.com\/wp-content\/uploads\/2017\/04\/01-640x702.jpg 640w, https:\/\/balcondart.com\/wp-content\/uploads\/2017\/04\/01-750x822.jpg 750w\" sizes=\"auto, (max-width: 798px) 100vw, 798px\" \/><\/a><\/p>\n<p><strong>Roland Palmaerts<\/strong> est un artiste Belge \u0153uvrant au Qu\u00e9bec et en Europe.\u00a0 Il est n\u00e9 \u00e0 Bruxelles, le 4 octobre 1953.<\/p>\n<p>Titulaire de dipl\u00f4mes de l\u2019Institut St Luc et de l\u2019Acad\u00e9mie des Beaux-Arts de Bruxelles, Palmaerts devient parachutiste commando dans les forces arm\u00e9es belges.\u00a0 Par la suite, il deviendra concepteur et illustrateur graphiste en arrivant au Qu\u00e9bec en 1980.\u00a0 Il devient artiste \u00e0 temps complet \u00e0 l\u2019\u00e2ge de 28 ans.<\/p>\n<p>Quoi qu\u2019ayant fait sa formation initiale \u00e0 la peinture \u00e0 l\u2019huile, Roland Palmaerts est surtout connu pour son travail \u00e0 l\u2019aquarelle et \u00e0 l\u2019acrylique.\u00a0 Il est d\u2019ailleurs \u00e0 la t\u00eate d\u2019une \u00e9cole de peinture en Belgique o\u00f9 son expertise le place parmi les enseignants les plus respect\u00e9s de ce pays.<\/p>\n<p>Les paysages, tant urbains que campagnards se m\u00ealent \u00e0 des sujets tels que des musiciens dans une explosion de couleurs et de lumi\u00e8re.\u00a0 De ses sujets favoris il dit : \u00abJ\u2019id\u00e9alise des sc\u00e8nes de nature combinant, l\u2019\u00e9nergie des diff\u00e9rents \u00e9l\u00e9ments. L\u2019ombre et\u00a0 la lumi\u00e8re, l\u2019air et l\u2019eau. Je joue dans les lavis de la vie avec les densit\u00e9s de couleurs exprim\u00e9es dans de savants m\u00e9langes de couleurs avec toujours \u00e0 l\u2019esprit que si : Je d\u00e9mat\u00e9rialise, Je spiritualise \u00bb.<\/p>\n<p>Artiste international, les \u0153uvres de Roland Palmaerts se retrouvent partout au Canada, en Europe et m\u00eame dans plusieurs pays asiatiques.<\/p>\n<div id=\"attachment_18853\" style=\"width: 810px\" class=\"wp-caption alignnone\"><a href=\"http:\/\/balcondart.com\/wp-content\/uploads\/2017\/04\/02.jpg\"><img loading=\"lazy\" decoding=\"async\" aria-describedby=\"caption-attachment-18853\" class=\"wp-image-18853 size-full\" src=\"http:\/\/balcondart.com\/wp-content\/uploads\/2017\/04\/02.jpg\" alt=\"02\" width=\"800\" height=\"1051\" srcset=\"https:\/\/balcondart.com\/wp-content\/uploads\/2017\/04\/02.jpg 800w, https:\/\/balcondart.com\/wp-content\/uploads\/2017\/04\/02-228x300.jpg 228w, https:\/\/balcondart.com\/wp-content\/uploads\/2017\/04\/02-768x1009.jpg 768w, https:\/\/balcondart.com\/wp-content\/uploads\/2017\/04\/02-779x1024.jpg 779w, https:\/\/balcondart.com\/wp-content\/uploads\/2017\/04\/02-640x841.jpg 640w, https:\/\/balcondart.com\/wp-content\/uploads\/2017\/04\/02-750x985.jpg 750w\" sizes=\"auto, (max-width: 800px) 100vw, 800px\" \/><\/a><p id=\"caption-attachment-18853\" class=\"wp-caption-text\">1.La ville et roi, etroi \u00c9roi, 30&#215;24 2.Drap\u00e9 de lumi\u00e8re, 30&#215;24 3.Sans titre, 29&#215;39<\/p><\/div>\n<div id=\"attachment_18855\" style=\"width: 810px\" class=\"wp-caption alignnone\"><a href=\"http:\/\/balcondart.com\/wp-content\/uploads\/2017\/04\/03.jpg\"><img loading=\"lazy\" decoding=\"async\" aria-describedby=\"caption-attachment-18855\" class=\"wp-image-18855 size-full\" src=\"http:\/\/balcondart.com\/wp-content\/uploads\/2017\/04\/03.jpg\" alt=\"03\" width=\"800\" height=\"1267\" srcset=\"https:\/\/balcondart.com\/wp-content\/uploads\/2017\/04\/03.jpg 800w, https:\/\/balcondart.com\/wp-content\/uploads\/2017\/04\/03-189x300.jpg 189w, https:\/\/balcondart.com\/wp-content\/uploads\/2017\/04\/03-768x1216.jpg 768w, https:\/\/balcondart.com\/wp-content\/uploads\/2017\/04\/03-647x1024.jpg 647w, https:\/\/balcondart.com\/wp-content\/uploads\/2017\/04\/03-640x1014.jpg 640w, https:\/\/balcondart.com\/wp-content\/uploads\/2017\/04\/03-750x1188.jpg 750w\" sizes=\"auto, (max-width: 800px) 100vw, 800px\" \/><\/a><p id=\"caption-attachment-18855\" class=\"wp-caption-text\">1.Tunnel romantique, 40&#215;30 2.Belle saison, 30&#215;24 3.Nos amours sur la plage, 12&#215;12<\/p><\/div>\n<p><a href=\"http:\/\/balcondart.com\/wp-content\/uploads\/2017\/04\/04.jpg\"><img loading=\"lazy\" decoding=\"async\" class=\"alignnone size-full wp-image-18857\" src=\"http:\/\/balcondart.com\/wp-content\/uploads\/2017\/04\/04.jpg\" alt=\"04\" width=\"800\" height=\"679\" srcset=\"https:\/\/balcondart.com\/wp-content\/uploads\/2017\/04\/04.jpg 800w, https:\/\/balcondart.com\/wp-content\/uploads\/2017\/04\/04-300x255.jpg 300w, https:\/\/balcondart.com\/wp-content\/uploads\/2017\/04\/04-768x652.jpg 768w, https:\/\/balcondart.com\/wp-content\/uploads\/2017\/04\/04-640x543.jpg 640w, https:\/\/balcondart.com\/wp-content\/uploads\/2017\/04\/04-750x637.jpg 750w\" sizes=\"auto, (max-width: 800px) 100vw, 800px\" \/><\/a><\/p>\n<p>1er au 9 avril 2017<\/p>\n<p><strong>CH\u00c2TEAU DU KARREVELD<\/strong><\/p>\n<p><strong>LA GRANGE<\/strong><\/p>\n<p>Bruxelles, Belgique<\/p>\n<p>Roland Palmaerts<\/p>\n<p><em>(Avec Odette Feller, Ming Xin Wen &amp; Bei An Cao)<\/em><\/p>\n<p><a href=\"http:\/\/trk.cp20.com\/click\/fliob-ah2c8l-6dklpu3\/\"><em>LIRE LE COMMUNIQU\u00c9 (PDF)<\/em><\/a><\/p>\n<p><em><a href=\"http:\/\/trk.cp20.com\/click\/fliob-ah2c8m-6dklpu4\/\">READ THE PRESS RELEASE (PDF)<\/a><\/em><\/p>\n<p><a href=\"http:\/\/balcondart.com\/wp-content\/uploads\/2017\/04\/05.jpg\"><img loading=\"lazy\" decoding=\"async\" class=\"alignnone size-full wp-image-18859\" src=\"http:\/\/balcondart.com\/wp-content\/uploads\/2017\/04\/05.jpg\" alt=\"05\" width=\"800\" height=\"716\" srcset=\"https:\/\/balcondart.com\/wp-content\/uploads\/2017\/04\/05.jpg 800w, https:\/\/balcondart.com\/wp-content\/uploads\/2017\/04\/05-300x269.jpg 300w, https:\/\/balcondart.com\/wp-content\/uploads\/2017\/04\/05-768x687.jpg 768w, https:\/\/balcondart.com\/wp-content\/uploads\/2017\/04\/05-640x573.jpg 640w, https:\/\/balcondart.com\/wp-content\/uploads\/2017\/04\/05-750x671.jpg 750w\" sizes=\"auto, (max-width: 800px) 100vw, 800px\" \/><\/a><\/p>\n<p><strong>Magazin&#8217;art <\/strong>consacre 5 pages de son plus r\u00e9cent num\u00e9ro \u00e0 Roland Palmaerts.<\/p>\n<p>Le magazine est disponible au Balcon d&#8217;art<\/p>\n","protected":false},"excerpt":{"rendered":"<p>Roland Palmaerts est un artiste Belge \u0153uvrant au Qu\u00e9bec et en Europe.\u00a0 Il est n\u00e9 &#8230;<\/p>\n","protected":false},"author":4,"featured_media":18851,"comment_status":"closed","ping_status":"closed","sticky":false,"template":"","format":"standard","meta":{"footnotes":""},"categories":[8],"tags":[],"class_list":["post-18850","post","type-post","status-publish","format-standard","has-post-thumbnail","hentry","category-news"],"_links":{"self":[{"href":"https:\/\/balcondart.com\/en\/wp-json\/wp\/v2\/posts\/18850","targetHints":{"allow":["GET"]}}],"collection":[{"href":"https:\/\/balcondart.com\/en\/wp-json\/wp\/v2\/posts"}],"about":[{"href":"https:\/\/balcondart.com\/en\/wp-json\/wp\/v2\/types\/post"}],"author":[{"embeddable":true,"href":"https:\/\/balcondart.com\/en\/wp-json\/wp\/v2\/users\/4"}],"replies":[{"embeddable":true,"href":"https:\/\/balcondart.com\/en\/wp-json\/wp\/v2\/comments?post=18850"}],"version-history":[{"count":3,"href":"https:\/\/balcondart.com\/en\/wp-json\/wp\/v2\/posts\/18850\/revisions"}],"predecessor-version":[{"id":18864,"href":"https:\/\/balcondart.com\/en\/wp-json\/wp\/v2\/posts\/18850\/revisions\/18864"}],"wp:featuredmedia":[{"embeddable":true,"href":"https:\/\/balcondart.com\/en\/wp-json\/wp\/v2\/media\/18851"}],"wp:attachment":[{"href":"https:\/\/balcondart.com\/en\/wp-json\/wp\/v2\/media?parent=18850"}],"wp:term":[{"taxonomy":"category","embeddable":true,"href":"https:\/\/balcondart.com\/en\/wp-json\/wp\/v2\/categories?post=18850"},{"taxonomy":"post_tag","embeddable":true,"href":"https:\/\/balcondart.com\/en\/wp-json\/wp\/v2\/tags?post=18850"}],"curies":[{"name":"wp","href":"https:\/\/api.w.org\/{rel}","templated":true}]}}