{"id":1758,"date":"2015-04-29T20:40:45","date_gmt":"2015-04-29T20:40:45","guid":{"rendered":"http:\/\/devnuvo.com\/dev\/balcon\/?p=1758"},"modified":"2023-06-21T18:43:31","modified_gmt":"2023-06-21T18:43:31","slug":"brunet-diane","status":"publish","type":"post","link":"https:\/\/balcondart.com\/en\/brunet-diane\/","title":{"rendered":"BRUNET, Diane"},"content":{"rendered":"<h2>Available Works<\/h2>\n<div id=\"collection-component-1652537474105\"><\/div>\n<p><script type=\"text\/javascript\">\n\/*<![CDATA[*\/ (function () { var scriptURL = 'https:\/\/sdks.shopifycdn.com\/buy-button\/latest\/buy-button-storefront.min.js'; if (window.ShopifyBuy) { if (window.ShopifyBuy.UI) { ShopifyBuyInit(); } else { loadScript(); } } else { loadScript(); } function loadScript() { var script = document.createElement('script'); script.async = true; script.src = scriptURL; (document.getElementsByTagName('head')[0] || document.getElementsByTagName('body')[0]).appendChild(script); script.onload = ShopifyBuyInit; } function ShopifyBuyInit() { var client = ShopifyBuy.buildClient({ domain: 'le-balcon-dart.myshopify.com', storefrontAccessToken: 'b16007eb6bfcb8644ac013897e6398b8', }); ShopifyBuy.UI.onReady(client).then(function (ui) { ui.createComponent('collection', { id: '262630310043', node: document.getElementById('collection-component-1652537474105'), moneyFormat: '%24%7B%7Bamount%7D%7D', options: { \"product\": { \"styles\": { \"product\": { \"@media (min-width: 601px)\": { \"max-width\": \"calc(33.33333% - 30px)\", \"margin-left\": \"30px\", \"margin-bottom\": \"50px\", \"width\": \"calc(33.33333% - 30px)\" } }, \"title\": { \"color\": \"#000000\" }, \"button\": { \":hover\": { \"background-color\": \"#000000\" }, \"background-color\": \"#000000\", \":focus\": { \"background-color\": \"#000000\" } }, \"price\": { \"font-family\": \"Quantico, sans-serif\", \"font-weight\": \"bold\", \"color\": \"#ab0f0f\" }, \"compareAt\": { \"font-family\": \"Quantico, sans-serif\", \"font-weight\": \"bold\", \"color\": \"#ab0f0f\" }, \"unitPrice\": { \"font-family\": \"Quantico, sans-serif\", \"font-weight\": \"bold\", \"color\": \"#ab0f0f\" } }, \"text\": { \"button\": \"Acheter \/ Buy\" }, \"googleFonts\": [ \"Quantico\" ] }, \"productSet\": { \"styles\": { \"products\": { \"@media (min-width: 601px)\": { \"margin-left\": \"-30px\" } } } }, \"modalProduct\": { \"contents\": { \"img\": false, \"imgWithCarousel\": true, \"button\": false, \"buttonWithQuantity\": true }, \"styles\": { \"product\": { \"@media (min-width: 601px)\": { \"max-width\": \"100%\", \"margin-left\": \"0px\", \"margin-bottom\": \"0px\" } }, \"button\": { \":hover\": { \"background-color\": \"#000000\" }, \"background-color\": \"#000000\", \":focus\": { \"background-color\": \"#000000\" } }, \"title\": { \"font-family\": \"Helvetica Neue, sans-serif\", \"font-weight\": \"bold\", \"font-size\": \"26px\", \"color\": \"#4c4c4c\" }, \"price\": { \"font-family\": \"Helvetica Neue, sans-serif\", \"font-weight\": \"normal\", \"font-size\": \"18px\", \"color\": \"#4c4c4c\" }, \"compareAt\": { \"font-family\": \"Helvetica Neue, sans-serif\", \"font-weight\": \"normal\", \"font-size\": \"15.299999999999999px\", \"color\": \"#4c4c4c\" }, \"unitPrice\": { \"font-family\": \"Helvetica Neue, sans-serif\", \"font-weight\": \"normal\", \"font-size\": \"15.299999999999999px\", \"color\": \"#4c4c4c\" } }, \"text\": { \"button\": \"Add to cart\" } }, \"option\": {}, \"cart\": { \"styles\": { \"button\": { \":hover\": { \"background-color\": \"#000000\" }, \"background-color\": \"#000000\", \":focus\": { \"background-color\": \"#000000\" } } }, \"text\": { \"title\": \"Panier \/ Cart\", \"total\": \"Sous-total \/ Subtotal\", \"empty\": \"Votre panier est vide \/ Your cart is empty.\", \"notice\": \"Les codes d'exp\u00e9dition et de r\u00e9duction sont ajout\u00e9s \u00e0 la caisse. \/ Shipping and discount codes are added at checkout.\", \"button\": \"Passer \u00e0 la caisse \/ Checkout\", \"noteDescription\": \"Instruction sp\u00e9ciales \/ Special Instructions\" }, \"contents\": { \"note\": true } }, \"toggle\": { \"styles\": { \"toggle\": { \"background-color\": \"#000000\", \":hover\": { \"background-color\": \"#000000\" }, \":focus\": { \"background-color\": \"#000000\" } } } } }, }); }); } })(); \/*]]>*\/\n<\/script><\/p>\n<hr \/>\n<h3><\/h3>\n<h3>About the artist<\/h3>\n<div class=\"one-fourth\"><\/p>\n<p><a href=\"https:\/\/balcondart.com\/wp-content\/uploads\/2015\/04\/brunetdi.jpg\"><img loading=\"lazy\" decoding=\"async\" class=\"alignleft size-full wp-image-43166\" src=\"https:\/\/balcondart.com\/wp-content\/uploads\/2015\/04\/brunetdi.jpg\" alt=\"\" width=\"450\" height=\"450\" srcset=\"https:\/\/balcondart.com\/wp-content\/uploads\/2015\/04\/brunetdi.jpg 450w, https:\/\/balcondart.com\/wp-content\/uploads\/2015\/04\/brunetdi-300x300.jpg 300w, https:\/\/balcondart.com\/wp-content\/uploads\/2015\/04\/brunetdi-150x150.jpg 150w, https:\/\/balcondart.com\/wp-content\/uploads\/2015\/04\/brunetdi-42x42.jpg 42w, https:\/\/balcondart.com\/wp-content\/uploads\/2015\/04\/brunetdi-45x45.jpg 45w\" sizes=\"auto, (max-width: 450px) 100vw, 450px\" \/><\/a><br \/>\n<\/div>\n<p>Diane Brunet was born, raised and still lives in Montreal, Quebec, Canada.<br \/>\nShe holds a Bachelor\u2019s degree in Plastic Arts from the Universit\u00e9 du Qu\u00e9bec \u00e1 Montr\u00e9al.<\/p>\n<p>Brunet paints the everyday lives of women, in the streets of Montr\u00e9al and in the vineyards of Europe.<br \/>\nShe takes a light-hearted look at life in its daily routines and relations between people.<br \/>\nThe bright bold colours of her canvasses enhance the kindness and joy in her characters faces.<\/p>\n<p>Brunet and has illustrated children\u2019s books, and has participated in numerous group and solo exhibitions. She has received numerous honours and awards, including \u201cGrand Prize\u201d at the \u201cFestival of the Arts\u201d in Saint-Sauveur, Qu\u00e9bec.<\/p>\n<p>Her work is included in many private and corporate collections in Canada, the United States, and France.<\/p>\n<p>&nbsp;<\/p>\n<p><a href=\"https:\/\/www.multi-art.net\/multiartmedia\/index.htm#blanchet\"><img loading=\"lazy\" decoding=\"async\" class=\"alignleft size-full wp-image-43146\" src=\"https:\/\/balcondart.com\/wp-content\/uploads\/2015\/05\/mam-1.jpg\" alt=\"\" width=\"650\" height=\"150\" srcset=\"https:\/\/balcondart.com\/wp-content\/uploads\/2015\/05\/mam-1.jpg 650w, https:\/\/balcondart.com\/wp-content\/uploads\/2015\/05\/mam-1-300x69.jpg 300w, https:\/\/balcondart.com\/wp-content\/uploads\/2015\/05\/mam-1-640x148.jpg 640w\" sizes=\"auto, (max-width: 650px) 100vw, 650px\" \/><\/a><\/p>\n","protected":false},"excerpt":{"rendered":"<p>Available Works About the artist Diane Brunet was born, raised and still lives in Montreal, &#8230;<\/p>\n","protected":false},"author":4,"featured_media":10792,"comment_status":"closed","ping_status":"closed","sticky":false,"template":"","format":"standard","meta":{"footnotes":""},"categories":[2,4,16],"tags":[],"class_list":["post-1758","post","type-post","status-publish","format-standard","has-post-thumbnail","hentry","category-artists","category-gallery-artists","category-people"],"_links":{"self":[{"href":"https:\/\/balcondart.com\/en\/wp-json\/wp\/v2\/posts\/1758","targetHints":{"allow":["GET"]}}],"collection":[{"href":"https:\/\/balcondart.com\/en\/wp-json\/wp\/v2\/posts"}],"about":[{"href":"https:\/\/balcondart.com\/en\/wp-json\/wp\/v2\/types\/post"}],"author":[{"embeddable":true,"href":"https:\/\/balcondart.com\/en\/wp-json\/wp\/v2\/users\/4"}],"replies":[{"embeddable":true,"href":"https:\/\/balcondart.com\/en\/wp-json\/wp\/v2\/comments?post=1758"}],"version-history":[{"count":9,"href":"https:\/\/balcondart.com\/en\/wp-json\/wp\/v2\/posts\/1758\/revisions"}],"predecessor-version":[{"id":43169,"href":"https:\/\/balcondart.com\/en\/wp-json\/wp\/v2\/posts\/1758\/revisions\/43169"}],"wp:featuredmedia":[{"embeddable":true,"href":"https:\/\/balcondart.com\/en\/wp-json\/wp\/v2\/media\/10792"}],"wp:attachment":[{"href":"https:\/\/balcondart.com\/en\/wp-json\/wp\/v2\/media?parent=1758"}],"wp:term":[{"taxonomy":"category","embeddable":true,"href":"https:\/\/balcondart.com\/en\/wp-json\/wp\/v2\/categories?post=1758"},{"taxonomy":"post_tag","embeddable":true,"href":"https:\/\/balcondart.com\/en\/wp-json\/wp\/v2\/tags?post=1758"}],"curies":[{"name":"wp","href":"https:\/\/api.w.org\/{rel}","templated":true}]}}