{"id":11000,"date":"2015-11-17T21:13:09","date_gmt":"2015-11-17T21:13:09","guid":{"rendered":"http:\/\/balcondart.com\/?p=11000"},"modified":"2025-09-23T19:10:56","modified_gmt":"2025-09-23T19:10:56","slug":"tellier-josee-2","status":"publish","type":"post","link":"https:\/\/balcondart.com\/en\/tellier-josee-2\/","title":{"rendered":"TELLIER, Jos\u00e9e, 3D Artist"},"content":{"rendered":"<h2>Available Works<span style=\"font-size: 16px;\">\u00a0<\/span><\/h2>\n<hr \/>\n<div id=\"collection-component-1614798539838\"><\/div>\n<p><script type=\"text\/javascript\">\n\/*<![CDATA[*\/ (function () { var scriptURL = 'https:\/\/sdks.shopifycdn.com\/buy-button\/latest\/buy-button-storefront.min.js'; if (window.ShopifyBuy) { if (window.ShopifyBuy.UI) { ShopifyBuyInit(); } else { loadScript(); } } else { loadScript(); } function loadScript() { var script = document.createElement('script'); script.async = true; script.src = scriptURL; (document.getElementsByTagName('head')[0] || document.getElementsByTagName('body')[0]).appendChild(script); script.onload = ShopifyBuyInit; } function ShopifyBuyInit() { var client = ShopifyBuy.buildClient({ domain: 'le-balcon-dart.myshopify.com', storefrontAccessToken: 'b16007eb6bfcb8644ac013897e6398b8', }); ShopifyBuy.UI.onReady(client).then(function (ui) { ui.createComponent('collection', { id: '260980768923', node: document.getElementById('collection-component-1614798539838'), moneyFormat: '%24%7B%7Bamount%7D%7D', options: { \"product\": { \"styles\": { \"product\": { \"@media (min-width: 601px)\": { \"max-width\": \"calc(33.33333% - 30px)\", \"margin-left\": \"30px\", \"margin-bottom\": \"50px\", \"width\": \"calc(33.33333% - 30px)\" } }, \"button\": { \":hover\": { \"background-color\": \"#000000\" }, \"background-color\": \"#000000\", \":focus\": { \"background-color\": \"#000000\" } }, \"price\": { \"font-family\": \"Quantico, sans-serif\", \"font-weight\": \"bold\", \"color\": \"#ab0f0f\" }, \"compareAt\": { \"font-family\": \"Quantico, sans-serif\", \"font-weight\": \"bold\", \"color\": \"#ab0f0f\" }, \"unitPrice\": { \"font-family\": \"Quantico, sans-serif\", \"font-weight\": \"bold\", \"color\": \"#ab0f0f\" } }, \"text\": { \"button\": \"Acheter \/ Buy\" }, \"googleFonts\": [ \"Quantico\" ] }, \"productSet\": { \"styles\": { \"products\": { \"@media (min-width: 601px)\": { \"margin-left\": \"-30px\" } } } }, \"modalProduct\": { \"contents\": { \"img\": false, \"imgWithCarousel\": true, \"button\": false, \"buttonWithQuantity\": true }, \"styles\": { \"product\": { \"@media (min-width: 601px)\": { \"max-width\": \"100%\", \"margin-left\": \"0px\", \"margin-bottom\": \"0px\" } }, \"button\": { \":hover\": { \"background-color\": \"#000000\" }, \"background-color\": \"#000000\", \":focus\": { \"background-color\": \"#000000\" } }, \"price\": { \"font-family\": \"Helvetica Neue, sans-serif\", \"font-weight\": \"normal\", \"font-size\": \"18px\", \"color\": \"#4c4c4c\" }, \"compareAt\": { \"font-family\": \"Helvetica Neue, sans-serif\", \"font-weight\": \"normal\", \"font-size\": \"15.299999999999999px\", \"color\": \"#4c4c4c\" }, \"unitPrice\": { \"font-family\": \"Helvetica Neue, sans-serif\", \"font-weight\": \"normal\", \"font-size\": \"15.299999999999999px\", \"color\": \"#4c4c4c\" } }, \"text\": { \"button\": \"Add to cart\" } }, \"option\": {}, \"cart\": { \"styles\": { \"button\": { \":hover\": { \"background-color\": \"#000000\" }, \"background-color\": \"#000000\", \":focus\": { \"background-color\": \"#000000\" } } }, \"text\": { \"title\": \"Panier \/ Cart\", \"total\": \"Sous-total \/ Subtotal\", \"empty\": \"Votre panier est vide \/ Your cart is empty.\", \"notice\": \"Les codes d'exp\u00e9dition et de r\u00e9duction sont ajout\u00e9s \u00e0 la caisse. \/ Shipping and discount codes are added at checkout.\", \"button\": \"Passer \u00e0 la caisse \/ Checkout\", \"noteDescription\": \"Instruction sp\u00e9ciales \/ Special Instructions\" }, \"contents\": { \"note\": true } }, \"toggle\": { \"styles\": { \"toggle\": { \"background-color\": \"#000000\", \":hover\": { \"background-color\": \"#000000\" }, \":focus\": { \"background-color\": \"#000000\" } } } } }, }); }); } })(); \/*]]><span data-mce-type=\"bookmark\" style=\"display: inline-block; width: 0px; overflow: hidden; line-height: 0;\" class=\"mce_SELRES_start\">\ufeff<\/span>*\/\n<\/script><\/p>\n<h2>About the artist<\/h2>\n<p><a href=\"https:\/\/balcondart.com\/wp-content\/uploads\/2015\/11\/tellier2021-2.jpg\"><img loading=\"lazy\" decoding=\"async\" class=\"alignleft size-full wp-image-40239\" src=\"https:\/\/balcondart.com\/wp-content\/uploads\/2015\/11\/tellier2021-2.jpg\" alt=\"\" width=\"400\" height=\"700\" srcset=\"https:\/\/balcondart.com\/wp-content\/uploads\/2015\/11\/tellier2021-2.jpg 400w, https:\/\/balcondart.com\/wp-content\/uploads\/2015\/11\/tellier2021-2-171x300.jpg 171w\" sizes=\"auto, (max-width: 400px) 100vw, 400px\" \/><\/a><\/p>\n<p>&nbsp;<\/p>\n<p>&nbsp;<\/p>\n<p>&nbsp;<\/p>\n<p>&nbsp;<\/p>\n<p>&nbsp;<\/p>\n<p>&nbsp;<\/p>\n<p>&nbsp;<\/p>\n<p>&nbsp;<\/p>\n<p>&nbsp;<\/p>\n<p>&nbsp;<\/p>\n<p>&nbsp;<\/p>\n<p>&nbsp;<\/p>\n<p>&nbsp;<\/p>\n<p>&nbsp;<\/p>\n<p>&nbsp;<\/p>\n<p>&nbsp;<\/p>\n<p>&nbsp;<\/p>\n<p>&nbsp;<\/p>\n<p>WHO AM I? , MY STORY\u2026<\/p>\n<p>I had a career as an orchestra violinist when health problems followed by a bike accident forced me to put my violin on ice. From then on, I came back to my first love.<\/p>\n<p>Indeed, when I was young, I had an aunt who lived with a professional painter, Marie-Suzanne Samson. When my parents brought us to visit, my eyes were wide with wonder at the artist at work. When the opportunity arose, I would bring my drawings to show her. These were my first art lessons. Can you imagine a better gift for a six year old than to receive a work created just for her? In high school, I did visual arts at the same time as my violin studies at the conservatory. A heartbreaking choice was made when it came time to choose a career. I graduated in interpretation with distinction from McGill University and worked in professional symphony orchestras. But, something was missing&#8230;<\/p>\n<p>In 2005, I took my first classes with Mrs. Marcelle Simard-Dupuis and later with Ms. Ursula Kohfahl-Lampron. After 30 years of orchestra work, I had lost a little sense of wonder, this WOW! you feel at the beginning of your career when you perform a symphony for the first time, this same WOW! was rising from my guts when I was watching \u00a0Marie-Suzanne paint. That&#8217;s why I took this first painting class. I left for Place des Arts with my paint tubes and my violin at my art classes. In the same day, I wore both hats. You will understand that my accident was finally happy and this new career has imposed itself.<\/p>\n<p>Every painting becomes a WOW! in its execution. The colors and the light attract the child in me a little like when my father took us on a walk on the streets around Christmastime. The mystery of the colors and the light emanating from the houses explains without doubt my attraction for architectural heritage. In addition, because my father had done a part of his studies in architecture and drew the plans of our houses, I did the same. I know I\u2019ve succeeded when I see the visitors flashing \u00a0the same wonder in front of my paintings with stained glass. They go WOW! and I see the child in them. This new way of stained glass in my works in bas-relief has also earned me many recognitions (including several public favorites) as well as being part of public and private collections. Seeing the reaction of the surprised and amazed audience adds to my own wonder of creating with textures, colors and fills me with ideas to create more.<\/p>\n<p><iframe loading=\"lazy\" title=\"YouTube video player\" src=\"https:\/\/www.youtube.com\/embed\/pG9rQM-8zp8\" width=\"560\" height=\"315\" frameborder=\"0\" allowfullscreen=\"allowfullscreen\"><\/iframe><\/p>\n<p><iframe loading=\"lazy\" title=\"YouTube video player\" src=\"https:\/\/www.youtube.com\/embed\/4WAlxJCwCV0\" width=\"560\" height=\"315\" frameborder=\"0\" allowfullscreen=\"allowfullscreen\"><\/iframe><\/p>\n<p><a href=\"https:\/\/balcondart.com\/wp-content\/uploads\/2015\/11\/steflore2022.jpg\"><img loading=\"lazy\" decoding=\"async\" class=\"alignleft size-full wp-image-42097\" src=\"https:\/\/balcondart.com\/wp-content\/uploads\/2015\/11\/steflore2022.jpg\" alt=\"\" width=\"563\" height=\"430\" srcset=\"https:\/\/balcondart.com\/wp-content\/uploads\/2015\/11\/steflore2022.jpg 563w, https:\/\/balcondart.com\/wp-content\/uploads\/2015\/11\/steflore2022-300x229.jpg 300w\" sizes=\"auto, (max-width: 563px) 100vw, 563px\" \/><\/a><\/p>\n<p>&nbsp;<\/p>\n<p>&nbsp;<\/p>\n<p>&nbsp;<\/p>\n<p>&nbsp;<\/p>\n<p>&nbsp;<\/p>\n<p>&nbsp;<\/p>\n<p>&nbsp;<\/p>\n<p>&nbsp;<\/p>\n<p>&nbsp;<\/p>\n<p>&nbsp;<\/p>\n<p>&nbsp;<\/p>\n<p><a href=\"https:\/\/vimeo.com\/472772368\" target=\"_blank\" rel=\"noopener\"><img loading=\"lazy\" decoding=\"async\" class=\"alignleft size-full wp-image-42102\" src=\"https:\/\/balcondart.com\/wp-content\/uploads\/2015\/11\/telliertvrs.jpg\" alt=\"\" width=\"560\" height=\"315\" srcset=\"https:\/\/balcondart.com\/wp-content\/uploads\/2015\/11\/telliertvrs.jpg 560w, https:\/\/balcondart.com\/wp-content\/uploads\/2015\/11\/telliertvrs-300x169.jpg 300w\" sizes=\"auto, (max-width: 560px) 100vw, 560px\" \/><\/a><\/p>\n<p><iframe loading=\"lazy\" src=\"https:\/\/player.vimeo.com\/video\/743222467?h=fe940de73f&amp;title=0&amp;byline=0&amp;portrait=0\" width=\"560\" height=\"315\" frameborder=\"0\" allowfullscreen=\"allowfullscreen\"><\/iframe><\/p>\n<p><a href=\"https:\/\/vimeo.com\/743222467\">La route des Arts du Richelieu, Jos\u00e9e Tellier, \u00c9pisode 13<\/a> from <a href=\"https:\/\/vimeo.com\/tvr9\">TVR9 Beloeil<\/a> on <a href=\"https:\/\/vimeo.com\">Vimeo<\/a>.<\/p>\n<p><iframe loading=\"lazy\" src=\"https:\/\/player.vimeo.com\/video\/340655186?h=e56744413f&amp;title=0&amp;byline=0&amp;portrait=0\" width=\"560\" height=\"315\" frameborder=\"0\" allowfullscreen=\"allowfullscreen\"><\/iframe><\/p>\n<p><a href=\"https:\/\/vimeo.com\/340655186\">Jos\u00e9 Tellier artiste peintre \u00e0 Vall\u00e9e des Arts avec Ga\u00ebtane Voyer \u00e9mission semaine du 3 juin 2019<\/a> from <a href=\"https:\/\/vimeo.com\/tvr9\">TVR9 Beloeil<\/a> on <a href=\"https:\/\/vimeo.com\">Vimeo<\/a>.<\/p>\n<p><iframe loading=\"lazy\" style=\"border: none; overflow: hidden;\" src=\"https:\/\/www.facebook.com\/plugins\/video.php?height=350&amp;href=https%3A%2F%2Fwww.facebook.com%2Froute.arts.richelieu%2Fvideos%2F2828780747358623%2F&amp;show_text=false&amp;width=560&amp;t=0\" width=\"560\" height=\"350\" frameborder=\"0\" scrolling=\"no\" allowfullscreen=\"allowfullscreen\"><\/iframe><\/p>\n","protected":false},"excerpt":{"rendered":"<p>Available Works\u00a0 About the artist &nbsp; &nbsp; &nbsp; &nbsp; &nbsp; &nbsp; &nbsp; &nbsp; &nbsp; &nbsp; &#8230;<\/p>\n","protected":false},"author":4,"featured_media":42789,"comment_status":"closed","ping_status":"closed","sticky":false,"template":"","format":"standard","meta":{"footnotes":""},"categories":[2,4,15,16],"tags":[],"class_list":["post-11000","post","type-post","status-publish","format-standard","has-post-thumbnail","hentry","category-artists","category-gallery-artists","category-landscape","category-people"],"_links":{"self":[{"href":"https:\/\/balcondart.com\/en\/wp-json\/wp\/v2\/posts\/11000","targetHints":{"allow":["GET"]}}],"collection":[{"href":"https:\/\/balcondart.com\/en\/wp-json\/wp\/v2\/posts"}],"about":[{"href":"https:\/\/balcondart.com\/en\/wp-json\/wp\/v2\/types\/post"}],"author":[{"embeddable":true,"href":"https:\/\/balcondart.com\/en\/wp-json\/wp\/v2\/users\/4"}],"replies":[{"embeddable":true,"href":"https:\/\/balcondart.com\/en\/wp-json\/wp\/v2\/comments?post=11000"}],"version-history":[{"count":21,"href":"https:\/\/balcondart.com\/en\/wp-json\/wp\/v2\/posts\/11000\/revisions"}],"predecessor-version":[{"id":45000,"href":"https:\/\/balcondart.com\/en\/wp-json\/wp\/v2\/posts\/11000\/revisions\/45000"}],"wp:featuredmedia":[{"embeddable":true,"href":"https:\/\/balcondart.com\/en\/wp-json\/wp\/v2\/media\/42789"}],"wp:attachment":[{"href":"https:\/\/balcondart.com\/en\/wp-json\/wp\/v2\/media?parent=11000"}],"wp:term":[{"taxonomy":"category","embeddable":true,"href":"https:\/\/balcondart.com\/en\/wp-json\/wp\/v2\/categories?post=11000"},{"taxonomy":"post_tag","embeddable":true,"href":"https:\/\/balcondart.com\/en\/wp-json\/wp\/v2\/tags?post=11000"}],"curies":[{"name":"wp","href":"https:\/\/api.w.org\/{rel}","templated":true}]}}